{"id":78701,"date":"2026-08-31T15:32:15","date_gmt":"2026-08-31T21:32:15","guid":{"rendered":"https:\/\/encuentroinformativo.com.mx\/?p=78701"},"modified":"2026-08-31T15:32:15","modified_gmt":"2026-08-31T21:32:15","slug":"se-registraron-28-aspirantes-a-ocupar-titularidad-del-orfis","status":"publish","type":"post","link":"https:\/\/encuentroinformativo.com.mx\/?p=78701","title":{"rendered":"Se registraron 28 aspirantes a ocupar titularidad del ORFIS"},"content":{"rendered":"<p><strong>Dar\u00edo Pale<\/strong><\/p>\n<p>Xalapa, Ver.- Un total de 28 personas se registraron para participar en el proceso de selecci\u00f3n de la nueva titularidad del \u00d3rgano de Fiscalizaci\u00f3n Superior del Estado de Veracruz (ORFIS), inform\u00f3 la diputada local de Morena, Naomi Edith G\u00f3mez Santos.<\/p>\n<p>La legisladora explic\u00f3 que el plazo para el registro de aspirantes concluy\u00f3 y que, de acuerdo con la informaci\u00f3n proporcionada por el presidente de la comisi\u00f3n encargada del proceso, las entrevistas a los perfiles podr\u00edan comenzar este mi\u00e9rcoles.<\/p>\n<p>Detall\u00f3 que, debido a que se trata de una comisi\u00f3n amplia, ser\u00e1n \u00fanicamente tres diputados integrantes quienes tendr\u00e1n a su cargo la etapa de entrevistas con las personas registradas.<\/p>\n<p>Entre los aspirantes se encuentra, seg\u00fan confirm\u00f3 G\u00f3mez Santos, \u00c9ric Dom\u00ednguez V\u00e1zquez, funcionario del Gobierno del Estado y exalcalde, aunque reconoci\u00f3 que no cuenta con el listado completo de servidores p\u00fablicos que participaron en la convocatoria.<\/p>\n<p>Cuestionada sobre las observaciones que habr\u00eda recibido Dom\u00ednguez durante su gesti\u00f3n municipal y si esto podr\u00eda representar un conflicto de inter\u00e9s en caso de que llegara a ocupar la titularidad del ORFIS, la diputada se\u00f1al\u00f3 que primero debe conocerse el tipo y estatus de dichas observaciones.<\/p>\n<p>\u201cYo desconozco qu\u00e9 tipo de observaciones hubo\u201d, afirm\u00f3.<\/p>\n<p>G\u00f3mez Santos explic\u00f3 que no todas las observaciones realizadas a los ayuntamientos representan necesariamente responsabilidades administrativas o legales, pues algunas pueden derivarse de cuestiones documentales o administrativas que posteriormente son solventadas.<\/p>\n<p>\u201cHay que ver de qu\u00e9 es la observaci\u00f3n\u201d, insisti\u00f3, al se\u00f1alar que existen observaciones de diferente naturaleza y gravedad.<\/p>\n<p>Consider\u00f3 que, si un aspirante solvent\u00f3 las observaciones correspondientes y actualmente no enfrenta alguna responsabilidad, tiene derecho a participar en el proceso, siempre y cuando cumpla con el perfil establecido en la convocatoria.<\/p>\n<p>\u201cSer\u00eda muy limitado de mi parte decir: observaci\u00f3n y ya por eso ya no es v\u00e1lido. Hay que ver de qu\u00e9 es la observaci\u00f3n\u201d, expres\u00f3.<\/p>\n<p>La diputada agreg\u00f3 que, cuando existen recursos federales involucrados, tambi\u00e9n intervienen instancias como la Auditor\u00eda Superior de la Federaci\u00f3n, por lo que ser\u00e1 necesario revisar cada caso antes de emitir una opini\u00f3n sobre la idoneidad de los aspirantes.<\/p>\n<p style=\"text-align: center;\"><strong>Llama a morenistas a actuar con congruencia<\/strong><\/p>\n<p>Por otra parte, G\u00f3mez Santos llam\u00f3 a quienes forman parte de Morena a conducirse con responsabilidad, pulcritud y congruencia, luego de los cuestionamientos y muestras de rechazo que han recibido algunos integrantes vinculados con el partido.<\/p>\n<p>Sobre un incidente ocurrido en un restaurante, donde un integrante de la familia del expresidente Andr\u00e9s Manuel L\u00f3pez Obrador fue increpado por ciudadanos, la diputada consider\u00f3 que un hecho aislado no puede utilizarse para determinar el sentir general de la poblaci\u00f3n.<\/p>\n<p>Afirm\u00f3 que Morena mantiene presencia constante en las calles y que los resultados electorales tambi\u00e9n permiten conocer el respaldo ciudadano al movimiento.<\/p>\n<p>No obstante, se\u00f1al\u00f3 que quienes representan al partido deben actuar de manera congruente con la confianza que les otorg\u00f3 la ciudadan\u00eda.<\/p>\n<p>\u201cLo primordial es actuar con congruencia, siempre es lo m\u00ednimo que podemos hacer al tener la confianza de la gente\u201d, sostuvo.<\/p>\n<p style=\"text-align: center;\"><strong>Cuestiona cr\u00edticas de Dante Delgado<\/strong><\/p>\n<p>En torno a los se\u00f1alamientos realizados por el dirigente de Movimiento Ciudadano, Dante Delgado, contra la gobernadora Roc\u00edo Nahle y el proyecto pol\u00edtico de Morena en Veracruz, G\u00f3mez Santos calific\u00f3 de \u201cir\u00f3nico\u201d que algunos actores pol\u00edticos cuestionen a determinados personajes y posteriormente aparezcan acompa\u00f1ados de ellos.<\/p>\n<p>Tambi\u00e9n reiter\u00f3 la postura de Morena respecto a la familia Yunes y afirm\u00f3 que el partido no busca su incorporaci\u00f3n al proyecto pol\u00edtico.<\/p>\n<p>\u201cNosotros no queremos a los Yunes aqu\u00ed\u201d, manifest\u00f3.<\/p>\n<p>La legisladora sostuvo que Morena tiene derecho a definir con qui\u00e9nes establece alianzas y qui\u00e9nes pueden incorporarse al movimiento.<\/p>\n<p style=\"text-align: center;\"><strong>Renovar\u00e1n la Mesa Directiva del Congreso<\/strong><\/p>\n<p>Respecto a los trabajos legislativos, G\u00f3mez Santos confirm\u00f3 que este martes se realizar\u00e1 la sesi\u00f3n extraordinaria para renovar la Presidencia de la Mesa Directiva del Congreso de Veracruz.<\/p>\n<p>Indic\u00f3 que el Grupo Parlamentario de Morena ya cuenta con algunas propuestas para la integraci\u00f3n de la nueva Mesa y consider\u00f3 que existen perfiles adecuados para acompa\u00f1ar los trabajos del Poder Legislativo.<\/p>\n<p>Explic\u00f3 que su informe final como presidenta de la Mesa Directiva ser\u00e1 presentado durante la sesi\u00f3n de este mi\u00e9rcoles, una vez que la nueva integraci\u00f3n se encuentre vigente.<\/p>\n<p>Al hacer un balance del periodo legislativo, consider\u00f3 que fue un a\u00f1o productivo por la cantidad de propuestas, dict\u00e1menes y minutas federales atendidas.<\/p>\n<p>Sin embargo, reconoci\u00f3 que todav\u00eda existen pendientes, particularmente en temas relacionados con las personas con discapacidad.<\/p>\n<p>Explic\u00f3 que uno de los principales retos consiste en determinar los criterios que deben seguirse para realizar consultas, con el objetivo de evitar errores de t\u00e9cnica legislativa que posteriormente puedan provocar la invalidez de las reformas aprobadas.<\/p>\n<p style=\"text-align: center;\"><strong>Pide \u201caltura pol\u00edtica\u201d ante periodo electoral<\/strong><\/p>\n<p>Finalmente, ante la cercan\u00eda del proceso electoral y la posibilidad de que aumenten las confrontaciones entre las distintas fuerzas pol\u00edticas, G\u00f3mez Santos hizo un llamado a mantener \u201caltura pol\u00edtica\u201d.<\/p>\n<p>Consider\u00f3 que los diputados deben privilegiar el trabajo legislativo y evitar enfrentamientos que no aporten soluciones a la ciudadan\u00eda.<\/p>\n<p>\u201cM\u00e1s all\u00e1 de tener grillas y cuestiones de ataque, altura pol\u00edtica para todos en lo que viene en este periodo\u201d, expres\u00f3.<\/p>\n<p>Se\u00f1al\u00f3 que, aunque cada legislador representa diferentes fuerzas pol\u00edticas y proyectos, todos tienen la responsabilidad de generar resultados que tengan un impacto real en la poblaci\u00f3n.<\/p>\n<p>\u201cLa gente no va a gustar de estar vi\u00e9ndonos que nos estemos pleiteando por estupideces, con todo respeto, cuando la sociedad est\u00e1 buscando que tengamos un trabajo real y que impacte en la ciudadan\u00eda\u201d, concluy\u00f3.<\/p>\n","protected":false},"excerpt":{"rendered":"<p>Dar\u00edo Pale Xalapa, Ver.- Un total de 28 personas se registraron para participar en el proceso de selecci\u00f3n de la nueva titularidad del \u00d3rgano de Fiscalizaci\u00f3n Superior del Estado de Veracruz (ORFIS), inform\u00f3 la diputada local de Morena, Naomi Edith G\u00f3mez Santos. La legisladora explic\u00f3 que el plazo para el registro de aspirantes concluy\u00f3 y [&hellip;]<\/p>\n","protected":false},"author":2476,"featured_media":78702,"comment_status":"open","ping_status":"open","sticky":false,"template":"","format":"standard","meta":{"_jetpack_memberships_contains_paid_content":false,"footnotes":""},"categories":[2],"tags":[],"class_list":["post-78701","post","type-post","status-publish","format-standard","has-post-thumbnail","hentry","category-estado"],"jetpack_featured_media_url":"https:\/\/encuentroinformativo.com.mx\/wp-content\/uploads\/2026\/08\/IMG-20260831-WA01252.jpg","jetpack_sharing_enabled":true,"jetpack_likes_enabled":true,"amp_enabled":true,"_links":{"self":[{"href":"https:\/\/encuentroinformativo.com.mx\/index.php?rest_route=\/wp\/v2\/posts\/78701","targetHints":{"allow":["GET"]}}],"collection":[{"href":"https:\/\/encuentroinformativo.com.mx\/index.php?rest_route=\/wp\/v2\/posts"}],"about":[{"href":"https:\/\/encuentroinformativo.com.mx\/index.php?rest_route=\/wp\/v2\/types\/post"}],"author":[{"embeddable":true,"href":"https:\/\/encuentroinformativo.com.mx\/index.php?rest_route=\/wp\/v2\/users\/2476"}],"replies":[{"embeddable":true,"href":"https:\/\/encuentroinformativo.com.mx\/index.php?rest_route=%2Fwp%2Fv2%2Fcomments&post=78701"}],"version-history":[{"count":1,"href":"https:\/\/encuentroinformativo.com.mx\/index.php?rest_route=\/wp\/v2\/posts\/78701\/revisions"}],"predecessor-version":[{"id":78703,"href":"https:\/\/encuentroinformativo.com.mx\/index.php?rest_route=\/wp\/v2\/posts\/78701\/revisions\/78703"}],"wp:featuredmedia":[{"embeddable":true,"href":"https:\/\/encuentroinformativo.com.mx\/index.php?rest_route=\/wp\/v2\/media\/78702"}],"wp:attachment":[{"href":"https:\/\/encuentroinformativo.com.mx\/index.php?rest_route=%2Fwp%2Fv2%2Fmedia&parent=78701"}],"wp:term":[{"taxonomy":"category","embeddable":true,"href":"https:\/\/encuentroinformativo.com.mx\/index.php?rest_route=%2Fwp%2Fv2%2Fcategories&post=78701"},{"taxonomy":"post_tag","embeddable":true,"href":"https:\/\/encuentroinformativo.com.mx\/index.php?rest_route=%2Fwp%2Fv2%2Ftags&post=78701"}],"curies":[{"name":"wp","href":"https:\/\/api.w.org\/{rel}","templated":true}]}}