{"id":78707,"date":"2026-08-31T16:51:22","date_gmt":"2026-08-31T22:51:22","guid":{"rendered":"https:\/\/encuentroinformativo.com.mx\/?p=78707"},"modified":"2026-08-31T16:51:22","modified_gmt":"2026-08-31T22:51:22","slug":"exigen-liberacion-de-transportistas-familiares-acusan-dilacion-en-procesos","status":"publish","type":"post","link":"https:\/\/encuentroinformativo.com.mx\/?p=78707","title":{"rendered":"Exigen liberaci\u00f3n de transportistas, familiares acusan dilaci\u00f3n en procesos\u00a0"},"content":{"rendered":"<p><strong>Alejandro \u00c1vila<\/strong><\/p>\n<p>Veracruz, Ver.- Trabajadores y allegados de la ruta Saeta Verde protestaron este lunes en las instalaciones de la Fiscal\u00eda sobre el bulevar Fidel Vel\u00e1zquez, en la zona norte de Veracruz, para exigir el cese de las omisiones legales que mantienen privados de la libertad a cuatro integrantes de la empresa desde el pasado 18 de junio de 2026.<\/p>\n<p>\u200bEl caso mantiene encarcelados a Sa\u00fal &#8220;N&#8221;, propietario de la l\u00ednea camionera; al abogado corporativo Francisco &#8220;N&#8221;, y a dos operadores del servicio p\u00fablico de la misma empresa. La defensa legal, encabezada por el litigante Jorge Reyes Leo, denunci\u00f3 una evidente negligencia por parte de los \u00f3rganos de procuraci\u00f3n e impartici\u00f3n de justicia, los cuales han prolongado de manera injustificada las audiencias y congelado los recursos de protecci\u00f3n constitucional interpuestos a favor de los imputados.<\/p>\n<p>\u200bFrente a la dilaci\u00f3n procesal y las trabas sistem\u00e1ticas para admitir los recursos que permitan revertir la situaci\u00f3n jur\u00eddica de Enr\u00edquez, Rojas y los dos choferes, el equipo legal tramita de emergencia un amparo directo ante instancias federales para obligar a una revisi\u00f3n imparcial del caso.<\/p>\n<p>\u200bAsimismo, los inconformes exigieron la inmediata restituci\u00f3n de dos unidades de transporte que contin\u00faan aseguradas bajo el argumento de haber participado en el bloqueo de una brecha en la zona de El Panso; Reyes Leo rechaz\u00f3 categ\u00f3ricamente esta versi\u00f3n, al explicar que los veh\u00edculos circulaban por el sitio cuando la vialidad ya se encontraba obstruida por terceros, quedando varados de manera involuntaria.<\/p>\n<p>\u200bLa retenci\u00f3n arbitraria de los camiones no solo carece de sustento probatorio, sino que asesta un golpe financiero directo al sustento diario de decenas de familias de operadores que dependen de la ruta.<\/p>\n","protected":false},"excerpt":{"rendered":"<p>Alejandro \u00c1vila Veracruz, Ver.- Trabajadores y allegados de la ruta Saeta Verde protestaron este lunes en las instalaciones de la Fiscal\u00eda sobre el bulevar Fidel Vel\u00e1zquez, en la zona norte de Veracruz, para exigir el cese de las omisiones legales que mantienen privados de la libertad a cuatro integrantes de la empresa desde el pasado [&hellip;]<\/p>\n","protected":false},"author":2476,"featured_media":78708,"comment_status":"open","ping_status":"open","sticky":false,"template":"","format":"standard","meta":{"_jetpack_memberships_contains_paid_content":false,"footnotes":""},"categories":[14],"tags":[],"class_list":["post-78707","post","type-post","status-publish","format-standard","has-post-thumbnail","hentry","category-policiaca"],"jetpack_featured_media_url":"https:\/\/encuentroinformativo.com.mx\/wp-content\/uploads\/2026\/08\/IMG-20260831-WA02872.jpg","jetpack_sharing_enabled":true,"jetpack_likes_enabled":true,"amp_enabled":true,"_links":{"self":[{"href":"https:\/\/encuentroinformativo.com.mx\/index.php?rest_route=\/wp\/v2\/posts\/78707","targetHints":{"allow":["GET"]}}],"collection":[{"href":"https:\/\/encuentroinformativo.com.mx\/index.php?rest_route=\/wp\/v2\/posts"}],"about":[{"href":"https:\/\/encuentroinformativo.com.mx\/index.php?rest_route=\/wp\/v2\/types\/post"}],"author":[{"embeddable":true,"href":"https:\/\/encuentroinformativo.com.mx\/index.php?rest_route=\/wp\/v2\/users\/2476"}],"replies":[{"embeddable":true,"href":"https:\/\/encuentroinformativo.com.mx\/index.php?rest_route=%2Fwp%2Fv2%2Fcomments&post=78707"}],"version-history":[{"count":1,"href":"https:\/\/encuentroinformativo.com.mx\/index.php?rest_route=\/wp\/v2\/posts\/78707\/revisions"}],"predecessor-version":[{"id":78709,"href":"https:\/\/encuentroinformativo.com.mx\/index.php?rest_route=\/wp\/v2\/posts\/78707\/revisions\/78709"}],"wp:featuredmedia":[{"embeddable":true,"href":"https:\/\/encuentroinformativo.com.mx\/index.php?rest_route=\/wp\/v2\/media\/78708"}],"wp:attachment":[{"href":"https:\/\/encuentroinformativo.com.mx\/index.php?rest_route=%2Fwp%2Fv2%2Fmedia&parent=78707"}],"wp:term":[{"taxonomy":"category","embeddable":true,"href":"https:\/\/encuentroinformativo.com.mx\/index.php?rest_route=%2Fwp%2Fv2%2Fcategories&post=78707"},{"taxonomy":"post_tag","embeddable":true,"href":"https:\/\/encuentroinformativo.com.mx\/index.php?rest_route=%2Fwp%2Fv2%2Ftags&post=78707"}],"curies":[{"name":"wp","href":"https:\/\/api.w.org\/{rel}","templated":true}]}}