{"id":78710,"date":"2026-08-31T17:10:11","date_gmt":"2026-08-31T23:10:11","guid":{"rendered":"https:\/\/encuentroinformativo.com.mx\/?p=78710"},"modified":"2026-08-31T17:10:11","modified_gmt":"2026-08-31T23:10:11","slug":"necesario-elevar-nivel-del-debate-politico-senala-diputado","status":"publish","type":"post","link":"https:\/\/encuentroinformativo.com.mx\/?p=78710","title":{"rendered":"Necesario elevar nivel del debate pol\u00edtico, se\u00f1ala Diputado"},"content":{"rendered":"<p><strong>Dar\u00edo Pale<\/strong><\/p>\n<p>Xalapa, Ver.- El presidente de la Junta de Coordinaci\u00f3n Pol\u00edtica (JUCOPO) del Congreso de Veracruz, Esteban Bautista Hern\u00e1ndez, llam\u00f3 a los actores pol\u00edticos a conducirse con respeto y privilegiar las propuestas de cara al pr\u00f3ximo proceso electoral, al considerar que las confrontaciones y descalificaciones no contribuyen al debate p\u00fablico.<\/p>\n<p>Ante las recientes reuniones y acercamientos entre militantes de distintos partidos pol\u00edticos, el legislador de Morena se\u00f1al\u00f3 que los actores est\u00e1n en su derecho de reunirse, aunque cuestion\u00f3 que quienes anteriormente se han confrontado p\u00fablicamente ahora busquen mostrarse unidos.<\/p>\n<p>\u201cHay que ser congruentes en la vida y, sobre todo, cuando eres servidor p\u00fablico\u201d, expres\u00f3.<\/p>\n<p>Bautista Hern\u00e1ndez consider\u00f3 que algunos de estos acercamientos obedecen m\u00e1s a intereses personales que a la construcci\u00f3n de un proyecto pol\u00edtico com\u00fan.<\/p>\n<p>\u201cEllos se traen a golpes, ponen espectaculares de que aqu\u00ed las familias, tales apellidos, no caben y de repente la ambici\u00f3n los une. No es un proyecto, es ambici\u00f3n personal\u201d, afirm\u00f3.<\/p>\n<p>El presidente de la JUCOPO sostuvo que los partidos de oposici\u00f3n enfrentan distintos escenarios pol\u00edticos y asegur\u00f3 que el PRI se encuentra en una situaci\u00f3n particularmente complicada, al considerar que podr\u00eda estar en riesgo de perder su registro en la pr\u00f3xima elecci\u00f3n.<\/p>\n<p>Sobre el PAN, se\u00f1al\u00f3 que mantiene su perfil como una fuerza pol\u00edtica de corte conservador, mientras que respecto a Movimiento Ciudadano (MC) dijo que se encuentra en la b\u00fasqueda de liderazgo y posicionamiento pol\u00edtico.<\/p>\n<p style=\"text-align: center;\"><strong>Rechaza acusaciones de persecuci\u00f3n pol\u00edtica<\/strong><\/p>\n<p>En otro tema, Bautista Hern\u00e1ndez rechaz\u00f3 categ\u00f3ricamente las acusaciones del dirigente de Movimiento Ciudadano, Dante Delgado, quien ha se\u00f1alado al Gobierno de Veracruz de utilizar la justicia para perseguir a opositores.<\/p>\n<p>Afirm\u00f3 que la Fiscal\u00eda General del Estado cuenta con autonom\u00eda y neg\u00f3 que reciba instrucciones de la gobernadora o de alg\u00fan otro actor pol\u00edtico.<\/p>\n<p>\u201cLa Fiscal\u00eda es de nosotros, no recibe instrucciones de nadie. Hay compa\u00f1eros de Morena que han sido procesados\u201d, sostuvo.<\/p>\n<p>En relaci\u00f3n con los procesos contra los exalcaldes que fueron desaforados recientemente por el Congreso local, el legislador se\u00f1al\u00f3 que existen elementos dentro de las carpetas de investigaci\u00f3n y pidi\u00f3 a Dante Delgado solicitar una audiencia con la titular de la Fiscal\u00eda para conocer directamente el contenido de las investigaciones.<\/p>\n<p>\u201cHay testigos de cargo muy fuertes\u201d, asegur\u00f3.<\/p>\n<p>Bautista Hern\u00e1ndez record\u00f3 que, previo a los desafueros, hab\u00eda solicitado a la Comisi\u00f3n Instructora revisar cuidadosamente los expedientes para evitar cualquier error en el procedimiento.<\/p>\n<p>Sobre el hecho de que, a dos semanas de los desafueros, no se hayan observado acciones p\u00fablicas adicionales por parte de la Fiscal\u00eda, respondi\u00f3 que la dependencia contin\u00faa realizando su trabajo.<\/p>\n<p style=\"text-align: center;\"><strong>Destaca coordinaci\u00f3n en materia de seguridad<\/strong><\/p>\n<p>El legislador tambi\u00e9n destac\u00f3 la coordinaci\u00f3n que, afirm\u00f3, existe entre las autoridades estatales y las fuerzas federales en materia de seguridad.<\/p>\n<p>Se\u00f1al\u00f3 que Veracruz mantiene una coordinaci\u00f3n con las instituciones federales encabezadas en materia de seguridad por Omar Garc\u00eda Harfuch y destac\u00f3 los recientes operativos contra objetivos considerados generadores de violencia.<\/p>\n<p>De acuerdo con Bautista Hern\u00e1ndez, en d\u00edas recientes fueron detenidas 44 personas y posteriormente se report\u00f3 la detenci\u00f3n de otras 53.<\/p>\n<p>Asegur\u00f3 que, a diferencia de administraciones anteriores, actualmente existe una decisi\u00f3n de actuar contra quienes generan violencia y sostuvo que la gobernadora Roc\u00edo Nahle ha establecido que no habr\u00e1 acuerdos con grupos delictivos.<\/p>\n<p>\u201cLa gobernadora ha sido muy clara en decir: yo no voy a pactar con nadie, mi pacto es con la gente y con el pueblo\u201d, afirm\u00f3.<\/p>\n<p>El diputado morenista tambi\u00e9n defendi\u00f3 el trabajo de la mandataria estatal y se\u00f1al\u00f3 que, durante sus recorridos por Veracruz, ha observado acciones de infraestructura y presencia de maquinaria en distintos puntos de la entidad.<\/p>\n<p>Finalmente, ante el inicio de una nueva etapa rumbo a las elecciones, Bautista Hern\u00e1ndez llam\u00f3 a los partidos pol\u00edticos a evitar la confrontaci\u00f3n.<\/p>\n<p>\u201cQue se conduzcan con respeto, que se aboquen a las propuestas, porque generalmente el enemigo, cuando hay ese tipo de asuntos, va a las descalificaciones\u201d, concluy\u00f3.<\/p>\n","protected":false},"excerpt":{"rendered":"<p>Dar\u00edo Pale Xalapa, Ver.- El presidente de la Junta de Coordinaci\u00f3n Pol\u00edtica (JUCOPO) del Congreso de Veracruz, Esteban Bautista Hern\u00e1ndez, llam\u00f3 a los actores pol\u00edticos a conducirse con respeto y privilegiar las propuestas de cara al pr\u00f3ximo proceso electoral, al considerar que las confrontaciones y descalificaciones no contribuyen al debate p\u00fablico. Ante las recientes reuniones [&hellip;]<\/p>\n","protected":false},"author":2476,"featured_media":78711,"comment_status":"open","ping_status":"open","sticky":false,"template":"","format":"standard","meta":{"_jetpack_memberships_contains_paid_content":false,"footnotes":""},"categories":[2],"tags":[],"class_list":["post-78710","post","type-post","status-publish","format-standard","has-post-thumbnail","hentry","category-estado"],"jetpack_featured_media_url":"https:\/\/encuentroinformativo.com.mx\/wp-content\/uploads\/2026\/08\/IMG-20260831-WA02462.jpg","jetpack_sharing_enabled":true,"jetpack_likes_enabled":true,"amp_enabled":true,"_links":{"self":[{"href":"https:\/\/encuentroinformativo.com.mx\/index.php?rest_route=\/wp\/v2\/posts\/78710","targetHints":{"allow":["GET"]}}],"collection":[{"href":"https:\/\/encuentroinformativo.com.mx\/index.php?rest_route=\/wp\/v2\/posts"}],"about":[{"href":"https:\/\/encuentroinformativo.com.mx\/index.php?rest_route=\/wp\/v2\/types\/post"}],"author":[{"embeddable":true,"href":"https:\/\/encuentroinformativo.com.mx\/index.php?rest_route=\/wp\/v2\/users\/2476"}],"replies":[{"embeddable":true,"href":"https:\/\/encuentroinformativo.com.mx\/index.php?rest_route=%2Fwp%2Fv2%2Fcomments&post=78710"}],"version-history":[{"count":2,"href":"https:\/\/encuentroinformativo.com.mx\/index.php?rest_route=\/wp\/v2\/posts\/78710\/revisions"}],"predecessor-version":[{"id":78713,"href":"https:\/\/encuentroinformativo.com.mx\/index.php?rest_route=\/wp\/v2\/posts\/78710\/revisions\/78713"}],"wp:featuredmedia":[{"embeddable":true,"href":"https:\/\/encuentroinformativo.com.mx\/index.php?rest_route=\/wp\/v2\/media\/78711"}],"wp:attachment":[{"href":"https:\/\/encuentroinformativo.com.mx\/index.php?rest_route=%2Fwp%2Fv2%2Fmedia&parent=78710"}],"wp:term":[{"taxonomy":"category","embeddable":true,"href":"https:\/\/encuentroinformativo.com.mx\/index.php?rest_route=%2Fwp%2Fv2%2Fcategories&post=78710"},{"taxonomy":"post_tag","embeddable":true,"href":"https:\/\/encuentroinformativo.com.mx\/index.php?rest_route=%2Fwp%2Fv2%2Ftags&post=78710"}],"curies":[{"name":"wp","href":"https:\/\/api.w.org\/{rel}","templated":true}]}}