{"id":78719,"date":"2026-09-01T11:52:23","date_gmt":"2026-09-01T17:52:23","guid":{"rendered":"https:\/\/encuentroinformativo.com.mx\/?p=78719"},"modified":"2026-09-01T11:52:23","modified_gmt":"2026-09-01T17:52:23","slug":"terrible-acto-de-crueldad-animal-en-tlalixcoyan","status":"publish","type":"post","link":"https:\/\/encuentroinformativo.com.mx\/?p=78719","title":{"rendered":"Terrible acto de crueldad animal en Tlalixcoyan"},"content":{"rendered":"<p><strong>Alejandro \u00c1vila<\/strong><\/p>\n<p>\u200bTlalixcoyan, Ver.- Un acto de extrema crueldad animal cometido el pasado lunes 31 de agosto en la comunidad de La Gloria, perteneciente al municipio de Tlalixcoyan, desat\u00f3 una ola de indignaci\u00f3n generalizada en el estado de Veracruz.<\/p>\n<p>\u200bDe acuerdo con los reportes vecinales, un ciudadano identificado preliminarmente como Joel \u201cN\u201d presuntamente agredi\u00f3 de manera salvaje a un canino, mutil\u00e1ndole los test\u00edculos bajo el argumento de que el animal ingres\u00f3 a su propiedad; el caso se viraliz\u00f3 r\u00e1pidamente en plataformas digitales, generando un fuerte rechazo social y movilizando a colectivos y defensores de los derechos de los animales en busca de justicia.<\/p>\n<p>\u200bAnte la falta de respuesta institucional inmediata y la gravedad de las lesiones, Leyla, responsable del refugio para perros \u201cSeamos su Voz\u201d, intervino para rescatar a la mascota afectada y asumir los costos de la intervenci\u00f3n quir\u00fargica de urgencia.<\/p>\n<p>Actualmente, el can se encuentra intervenido y bajo observaci\u00f3n m\u00e9dica en proceso de recuperaci\u00f3n; sin embargo, el refugio enfrenta una fuerte carga financiera, por lo que se solicita el respaldo solidario de la sociedad a trav\u00e9s del n\u00famero telef\u00f3nico 285 110 6324.<\/p>\n<p>El C\u00f3digo Penal del Estado y la Ley de Protecci\u00f3n a los Animales contemplan sanciones que van desde multas econ\u00f3micas severas (superiores a los 46 mil pesos) hasta penas de dos a tres a\u00f1os de prisi\u00f3n para quienes comentan actos de crueldad o mutilaciones con ensa\u00f1amiento, los casos con sentencias condenatorias firmes y ejemplares siguen siendo minor\u00eda frente al volumen de carpetas abiertas anualmente.<\/p>\n<p>\u200bDurante los \u00faltimos a\u00f1os, la estad\u00edstica de denuncias ante la FEDAyCA ha ido al alza, acumulando cientos de reportes procedentes de municipios con alta incidencia como Xalapa, Veracruz, Coatzacoalcos y demarcaciones rurales donde las agresiones directas a mascotas quedan frecuentemente sin castigo.<\/p>\n<p>\u200bColectivos protectores insisten en que casos como el de La Gloria en Tlalixcoyan no deben quedar archivados, urgiendo a la ciudadan\u00eda a formalizar las denuncias con pruebas contundentes directamente ante la fiscal\u00eda especializada para evitar que las agresiones f\u00edsicas y la mutilaci\u00f3n de animales contin\u00faen normaliz\u00e1ndose en la entidad.<\/p>\n","protected":false},"excerpt":{"rendered":"<p>Alejandro \u00c1vila \u200bTlalixcoyan, Ver.- Un acto de extrema crueldad animal cometido el pasado lunes 31 de agosto en la comunidad de La Gloria, perteneciente al municipio de Tlalixcoyan, desat\u00f3 una ola de indignaci\u00f3n generalizada en el estado de Veracruz. \u200bDe acuerdo con los reportes vecinales, un ciudadano identificado preliminarmente como Joel \u201cN\u201d presuntamente agredi\u00f3 de [&hellip;]<\/p>\n","protected":false},"author":2476,"featured_media":78720,"comment_status":"open","ping_status":"open","sticky":false,"template":"","format":"standard","meta":{"_jetpack_memberships_contains_paid_content":false,"footnotes":""},"categories":[2],"tags":[],"class_list":["post-78719","post","type-post","status-publish","format-standard","has-post-thumbnail","hentry","category-estado"],"jetpack_featured_media_url":"https:\/\/encuentroinformativo.com.mx\/wp-content\/uploads\/2026\/09\/IMG-20260901-WA0050.jpg","jetpack_sharing_enabled":true,"jetpack_likes_enabled":true,"amp_enabled":true,"_links":{"self":[{"href":"https:\/\/encuentroinformativo.com.mx\/index.php?rest_route=\/wp\/v2\/posts\/78719","targetHints":{"allow":["GET"]}}],"collection":[{"href":"https:\/\/encuentroinformativo.com.mx\/index.php?rest_route=\/wp\/v2\/posts"}],"about":[{"href":"https:\/\/encuentroinformativo.com.mx\/index.php?rest_route=\/wp\/v2\/types\/post"}],"author":[{"embeddable":true,"href":"https:\/\/encuentroinformativo.com.mx\/index.php?rest_route=\/wp\/v2\/users\/2476"}],"replies":[{"embeddable":true,"href":"https:\/\/encuentroinformativo.com.mx\/index.php?rest_route=%2Fwp%2Fv2%2Fcomments&post=78719"}],"version-history":[{"count":2,"href":"https:\/\/encuentroinformativo.com.mx\/index.php?rest_route=\/wp\/v2\/posts\/78719\/revisions"}],"predecessor-version":[{"id":78722,"href":"https:\/\/encuentroinformativo.com.mx\/index.php?rest_route=\/wp\/v2\/posts\/78719\/revisions\/78722"}],"wp:featuredmedia":[{"embeddable":true,"href":"https:\/\/encuentroinformativo.com.mx\/index.php?rest_route=\/wp\/v2\/media\/78720"}],"wp:attachment":[{"href":"https:\/\/encuentroinformativo.com.mx\/index.php?rest_route=%2Fwp%2Fv2%2Fmedia&parent=78719"}],"wp:term":[{"taxonomy":"category","embeddable":true,"href":"https:\/\/encuentroinformativo.com.mx\/index.php?rest_route=%2Fwp%2Fv2%2Fcategories&post=78719"},{"taxonomy":"post_tag","embeddable":true,"href":"https:\/\/encuentroinformativo.com.mx\/index.php?rest_route=%2Fwp%2Fv2%2Ftags&post=78719"}],"curies":[{"name":"wp","href":"https:\/\/api.w.org\/{rel}","templated":true}]}}