{"id":78728,"date":"2026-09-01T12:19:03","date_gmt":"2026-09-01T18:19:03","guid":{"rendered":"https:\/\/encuentroinformativo.com.mx\/?p=78728"},"modified":"2026-09-01T12:19:03","modified_gmt":"2026-09-01T18:19:03","slug":"ayuntamiento-respeta-expresion-de-manifestaciones-alcaldesa","status":"publish","type":"post","link":"https:\/\/encuentroinformativo.com.mx\/?p=78728","title":{"rendered":"Ayuntamiento respeta expresi\u00f3n de manifestaciones: Alcaldesa"},"content":{"rendered":"<p><strong>Dar\u00edo Pale<\/strong><\/p>\n<p>Xalapa, Ver.- La presidenta municipal de Xalapa, Daniela Griego Ceballos, descart\u00f3 que el Ayuntamiento haya solicitado suspender o modificar alguna actividad debido a las manifestaciones realizadas recientemente en el centro de la ciudad, y asegur\u00f3 que hubo respeto al derecho de libre expresi\u00f3n y tr\u00e1nsito.<\/p>\n<p>Explic\u00f3 que la manifestaci\u00f3n de familiares de personas desaparecidas se realiz\u00f3 en la Plaza Lerdo, mientras que el Festival de la Juventud del Ayuntamiento se hab\u00eda programado para el s\u00e1bado anterior en el Parque Ju\u00e1rez, por lo que ambas actividades no se cruzaron.<\/p>\n<p>\u201cEllos regularmente, los colectivos, hacen su evento en la Plaza Lerdo; no chocaba y no hubo un planteamiento como tal de suspender alg\u00fan evento del Ayuntamiento\u201d, se\u00f1al\u00f3.<\/p>\n<p>La alcaldesa agreg\u00f3 que el domingo tambi\u00e9n se llev\u00f3 a cabo la Ruta Recreativa y que, adem\u00e1s de los colectivos de familiares de desaparecidos, se registraron otras manifestaciones, entre ellas de grupos animalistas, sin que se presentaran incidentes.<\/p>\n<p>Afirm\u00f3 que en ning\u00fan momento se impidi\u00f3 el libre tr\u00e1nsito ni se obstaculiz\u00f3 la realizaci\u00f3n de las protestas.<\/p>\n<p style=\"text-align: center;\"><strong>Atienden demandas de grupos animalistas<\/strong><\/p>\n<p>En relaci\u00f3n con las peticiones de colectivos animalistas para fortalecer la atenci\u00f3n de la Brigada de Vigilancia Animal, Griego Ceballos asegur\u00f3 que el Ayuntamiento mantiene un di\u00e1logo constante con los grupos de rescatistas.<\/p>\n<p>Destac\u00f3 que se han realizado campa\u00f1as de esterilizaci\u00f3n y vacunaci\u00f3n y adelant\u00f3 que este viernes comenzar\u00e1n nuevas jornadas en colonias como Moctezuma y 6 de Junio.<\/p>\n<p>Explic\u00f3 que existe coordinaci\u00f3n con las rescatistas para establecer tarifas especiales o incluso realizar sin costo las esterilizaciones de perros y gatos en situaci\u00f3n de calle.<\/p>\n<p>Sobre el caso ocurrido en Santa Rosa, inform\u00f3 que ya existe una carpeta de investigaci\u00f3n y que la Polic\u00eda Municipal realiz\u00f3 la nota criminal correspondiente, por lo que la Fiscal\u00eda especializada lleva a cabo las diligencias.<\/p>\n<p>El Ayuntamiento, agreg\u00f3, aportar\u00e1 los elementos adicionales que sean solicitados para fortalecer la investigaci\u00f3n y contribuir a que se sancione a los responsables.<\/p>\n<p>Griego Ceballos indic\u00f3 que seis de los animales rescatados permanecen bajo resguardo del Departamento de Salud Animal, en el Centro de Bienestar Animal, donde reciben atenci\u00f3n y revisi\u00f3n m\u00e9dica. Una vez recuperados, ser\u00e1n puestos en adopci\u00f3n, mientras que otros fueron trasladados a albergues de rescatistas.<\/p>\n<p>Ante los se\u00f1alamientos de que la Brigada de Vigilancia Animal no tendr\u00eda capacidad para recibir a todos los animales rescatados, la presidenta municipal rechaz\u00f3 esta versi\u00f3n y asegur\u00f3 que el Centro de Bienestar Animal cuenta con espacio para atender este tipo de casos.<\/p>\n<p>A\u00f1adi\u00f3 que el Ayuntamiento est\u00e1 dispuesto a analizar la propuesta de un protocolo planteado por organizaciones animalistas, siempre que contribuya a prevenir y sancionar el maltrato animal y mejorar el bienestar de los animales.<\/p>\n<p style=\"text-align: center;\"><strong>Concluye Mes de la Juventud<\/strong><\/p>\n<p>Por otra parte, la presidenta municipal destac\u00f3 las actividades realizadas durante agosto con motivo del Mes de la Juventud, que concluyeron con la entrega del Premio Municipal de la Juventud.<\/p>\n<p>Precis\u00f3 que se reconoci\u00f3 a j\u00f3venes xalape\u00f1os en ocho categor\u00edas, siete contempladas en la legislaci\u00f3n y una nueva establecida por el Ayuntamiento.<\/p>\n<p>Durante el mes tambi\u00e9n se realizaron talleres de capacitaci\u00f3n, una carrera nocturna, la instalaci\u00f3n del Cabildo Juvenil y el Festival de la Juventud.<\/p>\n<p>Griego Ceballos consider\u00f3 que las actividades permitieron escuchar las propuestas de las nuevas generaciones y generar espacios de participaci\u00f3n en asuntos p\u00fablicos.<\/p>\n<p>En particular, destac\u00f3 la carrera nocturna, que alcanz\u00f3 un registro de alrededor de 9 mil participantes y se desarroll\u00f3 sin incidentes mayores.<\/p>\n<p>\u201cCreo que fue un mes muy provechoso\u201d, afirm\u00f3, al se\u00f1alar que se busca mantener el contacto y la comunicaci\u00f3n permanente con las juventudes xalape\u00f1as.<\/p>\n<p style=\"text-align: center;\"><strong>Preparan cinco nuevas rutas de transporte<\/strong><\/p>\n<p>En materia de movilidad, la alcaldesa confirm\u00f3 que ya est\u00e1n definidas las cinco nuevas rutas que formar\u00e1n parte del sistema de transporte que se implementar\u00e1 en Xalapa.<\/p>\n<p>Explic\u00f3 que ya se realizaron trabajos sobre el terreno y que el Ayuntamiento espera presentar ante el Cabildo, en la sesi\u00f3n ordinaria de mediados de septiembre, la propuesta relacionada con la donaci\u00f3n o comodato del terreno donde se instalar\u00e1 la terminal.<\/p>\n<p>Se\u00f1al\u00f3 que existe coordinaci\u00f3n con el Gobierno del Estado, Sefiplan y el Fideicomiso del Transporte para definir las paradas y la infraestructura necesaria.<\/p>\n<p>Indic\u00f3 que ser\u00e1n 60 unidades las que prestar\u00e1n el servicio como parte del sistema de transporte estatal impulsado por la administraci\u00f3n estatal.<\/p>\n<p>Tambi\u00e9n se analiza la posibilidad de establecer puntos de transbordo entre las cinco rutas para facilitar los traslados de j\u00f3venes y adultos mayores mediante un solo pago.<\/p>\n<p style=\"text-align: center;\"><strong>Buscan paraderos dignos y seguros<\/strong><\/p>\n<p>Finalmente, Griego Ceballos reconoci\u00f3 la necesidad de mejorar las condiciones de las paradas de autob\u00fas en diferentes puntos de la ciudad, entre ellos Palo Verde y el Parque Do\u00f1a Falla.<\/p>\n<p>Se\u00f1al\u00f3 que el Ayuntamiento trabaja en un proyecto para contar con paraderos dignos y seguros, algunos con bot\u00f3n de p\u00e1nico y mejores condiciones para los usuarios.<\/p>\n<p>Precis\u00f3 que el municipio contempla alrededor de 20 paradas, mientras que el Gobierno del Estado trabaja en otras, por lo que se busca coordinar esfuerzos para fortalecer la infraestructura de transporte p\u00fablico<\/p>\n","protected":false},"excerpt":{"rendered":"<p>Dar\u00edo Pale Xalapa, Ver.- La presidenta municipal de Xalapa, Daniela Griego Ceballos, descart\u00f3 que el Ayuntamiento haya solicitado suspender o modificar alguna actividad debido a las manifestaciones realizadas recientemente en el centro de la ciudad, y asegur\u00f3 que hubo respeto al derecho de libre expresi\u00f3n y tr\u00e1nsito. Explic\u00f3 que la manifestaci\u00f3n de familiares de personas [&hellip;]<\/p>\n","protected":false},"author":2476,"featured_media":78729,"comment_status":"open","ping_status":"open","sticky":false,"template":"","format":"standard","meta":{"_jetpack_memberships_contains_paid_content":false,"footnotes":""},"categories":[3],"tags":[],"class_list":["post-78728","post","type-post","status-publish","format-standard","has-post-thumbnail","hentry","category-xalapa"],"jetpack_featured_media_url":"https:\/\/encuentroinformativo.com.mx\/wp-content\/uploads\/2026\/09\/IMG-20260901-WA00602.jpg","jetpack_sharing_enabled":true,"jetpack_likes_enabled":true,"amp_enabled":true,"_links":{"self":[{"href":"https:\/\/encuentroinformativo.com.mx\/index.php?rest_route=\/wp\/v2\/posts\/78728","targetHints":{"allow":["GET"]}}],"collection":[{"href":"https:\/\/encuentroinformativo.com.mx\/index.php?rest_route=\/wp\/v2\/posts"}],"about":[{"href":"https:\/\/encuentroinformativo.com.mx\/index.php?rest_route=\/wp\/v2\/types\/post"}],"author":[{"embeddable":true,"href":"https:\/\/encuentroinformativo.com.mx\/index.php?rest_route=\/wp\/v2\/users\/2476"}],"replies":[{"embeddable":true,"href":"https:\/\/encuentroinformativo.com.mx\/index.php?rest_route=%2Fwp%2Fv2%2Fcomments&post=78728"}],"version-history":[{"count":1,"href":"https:\/\/encuentroinformativo.com.mx\/index.php?rest_route=\/wp\/v2\/posts\/78728\/revisions"}],"predecessor-version":[{"id":78730,"href":"https:\/\/encuentroinformativo.com.mx\/index.php?rest_route=\/wp\/v2\/posts\/78728\/revisions\/78730"}],"wp:featuredmedia":[{"embeddable":true,"href":"https:\/\/encuentroinformativo.com.mx\/index.php?rest_route=\/wp\/v2\/media\/78729"}],"wp:attachment":[{"href":"https:\/\/encuentroinformativo.com.mx\/index.php?rest_route=%2Fwp%2Fv2%2Fmedia&parent=78728"}],"wp:term":[{"taxonomy":"category","embeddable":true,"href":"https:\/\/encuentroinformativo.com.mx\/index.php?rest_route=%2Fwp%2Fv2%2Fcategories&post=78728"},{"taxonomy":"post_tag","embeddable":true,"href":"https:\/\/encuentroinformativo.com.mx\/index.php?rest_route=%2Fwp%2Fv2%2Ftags&post=78728"}],"curies":[{"name":"wp","href":"https:\/\/api.w.org\/{rel}","templated":true}]}}