{"id":7873,"date":"2020-11-10T09:40:24","date_gmt":"2020-11-10T15:40:24","guid":{"rendered":"https:\/\/encuentroinformativo.com.mx\/?p=7873"},"modified":"2020-11-10T09:40:27","modified_gmt":"2020-11-10T15:40:27","slug":"falta-unidad-en-la-practica-ramirez-zepeta","status":"publish","type":"post","link":"https:\/\/encuentroinformativo.com.mx\/?p=7873","title":{"rendered":"Falta unidad en la pr\u00e1ctica: Ram\u00edrez Zepeta"},"content":{"rendered":"\n<p><strong>Alejandro \u00c1vila<\/strong><\/p>\n\n\n\n<p>Veracruz, Ver.- Los militantes y servidores p\u00fablicos de MORENA deben dejar solo el discurso de unidad y llevarlo a la pr\u00e1ctica, pues es la \u00fanica manera de salir fortalecidos para el proceso electoral del 2021, se\u00f1alo el aspirante a la dirigencia estatal, Esteban Ram\u00edrez Zepeta.<\/p>\n\n\n\n<p>Hace uno d\u00edas, el diputado local, Magdaleno Rosales Torres, acus\u00f3 al Ram\u00edrez Zepeta de llevar a cabo reuniones y recorridos por el Estado, con un exceso de simpatizantes que no cubr\u00edan las medidas sanitarias adecuadas.<\/p>\n\n\n\n<p>\u201cYo creo que ya debemos incluso ir retomando, no solamente en discursos, sino tambi\u00e9n en pr\u00e1ctica el tema de la unidad, y en lugar de tirarnos unos con otros, tenemos que pensar que los adversarios pol\u00edticos est\u00e1n afuera, no adentro. Nosotros tenemos que ya retomar el discurso de la unidad y la organizaci\u00f3n, no solamente como discurso, sino mantenerlos en pr\u00e1ctica\u201d, recalc\u00f3.<\/p>\n\n\n\n<p>En otro tema, el aspirante a la dirigencia estatal, mencion\u00f3 que la estructura de MORENA en Veracruz s\u00ed existe, pero esta no se encuentra a\u00fan conformada de manera oficial, situaci\u00f3n que bajo su mandato en caso de concretarse se debe lograr a la brevedad posible, y hacer los nombramientos en cada punto de la entidad veracruzana.<\/p>\n\n\n\n<p>Ante esta situaci\u00f3n y que los tiempos avanzan abruptamente, ha solicitado a la dirigencia nacional de MORENA que el nombramiento en Veracruz tambi\u00e9n sea por encuesta y que el nuevo encargado del partido en la entidad veracruzana quede elegido a m\u00e1s tardar en enero.<\/p>\n\n\n\n<p>\u201cNosotros estamos pugnando porque se aplique una encuesta, tambi\u00e9n la misma forma que se hizo para nivel federal se aplique aqu\u00ed a nivel estatal. Los tiempos, pues nuestros tiempos electorales aqu\u00ed en Veracruz inicia el 8 de enero, entones nos queda todo el mes de noviembre y parte de diciembre, para que se vaya determinando esta situaci\u00f3n de la presidencia del partido\u201d, subray\u00f3.<br>\u00a0<br>\u00a0<\/p>\n","protected":false},"excerpt":{"rendered":"<p>Alejandro \u00c1vila Veracruz, Ver.- Los militantes y servidores p\u00fablicos de MORENA deben dejar solo el discurso de unidad y llevarlo a la pr\u00e1ctica, pues es la \u00fanica manera de salir fortalecidos para el proceso electoral del 2021, se\u00f1alo el aspirante a la dirigencia estatal, Esteban Ram\u00edrez Zepeta. Hace uno d\u00edas, el diputado local, Magdaleno Rosales [&hellip;]<\/p>\n","protected":false},"author":1,"featured_media":7874,"comment_status":"open","ping_status":"open","sticky":false,"template":"","format":"standard","meta":{"_jetpack_memberships_contains_paid_content":false,"footnotes":""},"categories":[2],"tags":[],"class_list":["post-7873","post","type-post","status-publish","format-standard","has-post-thumbnail","hentry","category-estado"],"jetpack_featured_media_url":"https:\/\/encuentroinformativo.com.mx\/wp-content\/uploads\/2020\/11\/EEF4A39C-C525-437C-84E0-853C31CF8F9E.jpeg","jetpack_sharing_enabled":true,"jetpack_likes_enabled":true,"amp_enabled":true,"_links":{"self":[{"href":"https:\/\/encuentroinformativo.com.mx\/index.php?rest_route=\/wp\/v2\/posts\/7873","targetHints":{"allow":["GET"]}}],"collection":[{"href":"https:\/\/encuentroinformativo.com.mx\/index.php?rest_route=\/wp\/v2\/posts"}],"about":[{"href":"https:\/\/encuentroinformativo.com.mx\/index.php?rest_route=\/wp\/v2\/types\/post"}],"author":[{"embeddable":true,"href":"https:\/\/encuentroinformativo.com.mx\/index.php?rest_route=\/wp\/v2\/users\/1"}],"replies":[{"embeddable":true,"href":"https:\/\/encuentroinformativo.com.mx\/index.php?rest_route=%2Fwp%2Fv2%2Fcomments&post=7873"}],"version-history":[{"count":1,"href":"https:\/\/encuentroinformativo.com.mx\/index.php?rest_route=\/wp\/v2\/posts\/7873\/revisions"}],"predecessor-version":[{"id":7875,"href":"https:\/\/encuentroinformativo.com.mx\/index.php?rest_route=\/wp\/v2\/posts\/7873\/revisions\/7875"}],"wp:featuredmedia":[{"embeddable":true,"href":"https:\/\/encuentroinformativo.com.mx\/index.php?rest_route=\/wp\/v2\/media\/7874"}],"wp:attachment":[{"href":"https:\/\/encuentroinformativo.com.mx\/index.php?rest_route=%2Fwp%2Fv2%2Fmedia&parent=7873"}],"wp:term":[{"taxonomy":"category","embeddable":true,"href":"https:\/\/encuentroinformativo.com.mx\/index.php?rest_route=%2Fwp%2Fv2%2Fcategories&post=7873"},{"taxonomy":"post_tag","embeddable":true,"href":"https:\/\/encuentroinformativo.com.mx\/index.php?rest_route=%2Fwp%2Fv2%2Ftags&post=7873"}],"curies":[{"name":"wp","href":"https:\/\/api.w.org\/{rel}","templated":true}]}}