{"id":78731,"date":"2026-09-01T12:29:12","date_gmt":"2026-09-01T18:29:12","guid":{"rendered":"https:\/\/encuentroinformativo.com.mx\/?p=78731"},"modified":"2026-09-01T12:29:12","modified_gmt":"2026-09-01T18:29:12","slug":"servidores-de-la-nacion-que-aspiren-a-un-cargo-de-eleccion-deberan-renunciar-gomez-cazarin","status":"publish","type":"post","link":"https:\/\/encuentroinformativo.com.mx\/?p=78731","title":{"rendered":"Servidores de la Naci\u00f3n que aspiren a un cargo de elecci\u00f3n deber\u00e1n renunciar: G\u00f3mez Cazar\u00edn"},"content":{"rendered":"<p><strong>Dar\u00edo Pale<\/strong><\/p>\n<p>Xalapa, Ver.- El delegado estatal de la Secretar\u00eda de Bienestar, Juan Javier G\u00f3mez Cazar\u00edn, advirti\u00f3 que ning\u00fan funcionario o servidor de la Naci\u00f3n deber\u00e1 utilizar los programas sociales para obtener ventaja pol\u00edtica de cara al proceso electoral de 2027, por lo que quienes tengan inter\u00e9s en participar deber\u00e1n presentar su renuncia.<\/p>\n<p>Cuestionado sobre la pr\u00f3xima convocatoria para la elecci\u00f3n de coordinadores federales y sobre si alguno de los directores regionales de Bienestar le ha informado de su intenci\u00f3n de participar, se\u00f1al\u00f3 que hasta el momento ninguno se ha acercado para solicitar autorizaci\u00f3n o presentar su renuncia.<\/p>\n<p>\u201cNi uno solo se ha presentado a pedirme autorizaci\u00f3n o a presentar su renuncia para participar en el proceso electoral 2027\u201d, afirm\u00f3.<\/p>\n<p>G\u00f3mez Cazar\u00edn enfatiz\u00f3 que los programas sociales no deben ser utilizados con fines pol\u00edticos y advirti\u00f3 que, si alg\u00fan funcionario bajo su responsabilidad manifiesta inter\u00e9s en contender, \u00e9l mismo le solicitar\u00e1 separarse del cargo.<\/p>\n<p>\u201cNosotros no queremos que los programas sociales se utilicen para sacar ventaja pol\u00edtica. Las personas que quieran participar, compa\u00f1eros servidores de la Naci\u00f3n, deben presentar su renuncia\u201d, sostuvo.<\/p>\n<p>Ante los se\u00f1alamientos sobre algunos directores regionales que han tenido mayor actividad en redes sociales, aclar\u00f3 que no se trata de delegados, sino de directores regionales, y reiter\u00f3 que ninguno le ha manifestado formalmente su intenci\u00f3n de participar en el proceso electoral.<\/p>\n<p>\u201cSi hay alguno que tenga el inter\u00e9s, yo mismo le voy a ir a pedir su renuncia. No es correcto que se utilicen los programas sociales para sacar ventaja pol\u00edtica\u201d, manifest\u00f3.<\/p>\n<p>Record\u00f3 que durante el pasado proceso electoral la Secretar\u00eda de Bienestar tom\u00f3 medidas para evitar cualquier interpretaci\u00f3n relacionada con el uso pol\u00edtico de los programas sociales, incluyendo el cierre temporal de actividades vinculadas con la entrega de apoyos.<\/p>\n<p>Explic\u00f3 que las manifestaciones y se\u00f1alamientos que se presentaron en aquel momento fueron atendidos jur\u00eddicamente y que la dependencia actu\u00f3 para garantizar que los programas no fueran utilizados con fines electorales.<\/p>\n<p>\u201cSe va a seguir respetando el proceso electoral como lo hemos hecho\u201d, asegur\u00f3.<\/p>\n<p>G\u00f3mez Cazar\u00edn se\u00f1al\u00f3 que actualmente la prioridad de la dependencia es continuar con la entrega de apoyos a los sectores de la poblaci\u00f3n que los reciben. En ese sentido, inform\u00f3 que este lunes comenz\u00f3 nuevamente el operativo de pago para adultos mayores en todo el estado.<\/p>\n<p>\u201cMe interesa m\u00e1s cumplirle a nuestro pueblo que andar haciendo raja pol\u00edtica\u201d, expres\u00f3.<\/p>\n<p>Por otra parte, inform\u00f3 que contin\u00faa el proceso de credencializaci\u00f3n dirigido a adultos mayores y personas con discapacidad, como parte de las acciones encaminadas a garantizar el acceso universal a servicios de salud.<\/p>\n<p>Precis\u00f3 que los m\u00f3dulos de atenci\u00f3n ya no se concentran \u00fanicamente en las cabeceras municipales, sino que tambi\u00e9n se trasladan a comunidades con mayor poblaci\u00f3n, con el prop\u00f3sito de acercar el servicio a m\u00e1s personas.<\/p>\n<p>De acuerdo con el funcionario, Veracruz registra actualmente m\u00e1s del 30 por ciento de avance en la incorporaci\u00f3n y se encuentra entre los primeros lugares a nivel nacional, lo que atribuy\u00f3 al trabajo de los servidores de la Naci\u00f3n.<\/p>\n<p>Indic\u00f3 que los m\u00f3dulos continuar\u00e1n operando hasta diciembre o hasta concluir con la incorporaci\u00f3n de todas las personas que deban realizar el tr\u00e1mite.<\/p>\n<p>Finalmente, sobre los casos de adultos mayores que han sido v\u00edctimas de presuntas estafas, G\u00f3mez Cazar\u00edn se\u00f1al\u00f3 que la Secretar\u00eda de Bienestar brinda asesor\u00eda jur\u00eddica a las personas afectadas a trav\u00e9s de sus oficinas.<\/p>\n<p>Aclar\u00f3 que en ese momento no contaba con el n\u00famero exacto de casos registrados, pero se\u00f1al\u00f3 que solicitar\u00eda la informaci\u00f3n a su \u00e1rea jur\u00eddica para proporcionar posteriormente el dato correcto.<\/p>\n<p>&nbsp;<\/p>\n","protected":false},"excerpt":{"rendered":"<p>Dar\u00edo Pale Xalapa, Ver.- El delegado estatal de la Secretar\u00eda de Bienestar, Juan Javier G\u00f3mez Cazar\u00edn, advirti\u00f3 que ning\u00fan funcionario o servidor de la Naci\u00f3n deber\u00e1 utilizar los programas sociales para obtener ventaja pol\u00edtica de cara al proceso electoral de 2027, por lo que quienes tengan inter\u00e9s en participar deber\u00e1n presentar su renuncia. Cuestionado sobre [&hellip;]<\/p>\n","protected":false},"author":2476,"featured_media":78735,"comment_status":"open","ping_status":"open","sticky":false,"template":"","format":"standard","meta":{"_jetpack_memberships_contains_paid_content":false,"footnotes":""},"categories":[2],"tags":[],"class_list":["post-78731","post","type-post","status-publish","format-standard","has-post-thumbnail","hentry","category-estado"],"jetpack_featured_media_url":"https:\/\/encuentroinformativo.com.mx\/wp-content\/uploads\/2026\/09\/FB_IMG_1788287116108-2.jpg","jetpack_sharing_enabled":true,"jetpack_likes_enabled":true,"amp_enabled":true,"_links":{"self":[{"href":"https:\/\/encuentroinformativo.com.mx\/index.php?rest_route=\/wp\/v2\/posts\/78731","targetHints":{"allow":["GET"]}}],"collection":[{"href":"https:\/\/encuentroinformativo.com.mx\/index.php?rest_route=\/wp\/v2\/posts"}],"about":[{"href":"https:\/\/encuentroinformativo.com.mx\/index.php?rest_route=\/wp\/v2\/types\/post"}],"author":[{"embeddable":true,"href":"https:\/\/encuentroinformativo.com.mx\/index.php?rest_route=\/wp\/v2\/users\/2476"}],"replies":[{"embeddable":true,"href":"https:\/\/encuentroinformativo.com.mx\/index.php?rest_route=%2Fwp%2Fv2%2Fcomments&post=78731"}],"version-history":[{"count":1,"href":"https:\/\/encuentroinformativo.com.mx\/index.php?rest_route=\/wp\/v2\/posts\/78731\/revisions"}],"predecessor-version":[{"id":78733,"href":"https:\/\/encuentroinformativo.com.mx\/index.php?rest_route=\/wp\/v2\/posts\/78731\/revisions\/78733"}],"wp:featuredmedia":[{"embeddable":true,"href":"https:\/\/encuentroinformativo.com.mx\/index.php?rest_route=\/wp\/v2\/media\/78735"}],"wp:attachment":[{"href":"https:\/\/encuentroinformativo.com.mx\/index.php?rest_route=%2Fwp%2Fv2%2Fmedia&parent=78731"}],"wp:term":[{"taxonomy":"category","embeddable":true,"href":"https:\/\/encuentroinformativo.com.mx\/index.php?rest_route=%2Fwp%2Fv2%2Fcategories&post=78731"},{"taxonomy":"post_tag","embeddable":true,"href":"https:\/\/encuentroinformativo.com.mx\/index.php?rest_route=%2Fwp%2Fv2%2Ftags&post=78731"}],"curies":[{"name":"wp","href":"https:\/\/api.w.org\/{rel}","templated":true}]}}