{"id":78737,"date":"2026-09-01T16:30:03","date_gmt":"2026-09-01T22:30:03","guid":{"rendered":"https:\/\/encuentroinformativo.com.mx\/?p=78737"},"modified":"2026-09-01T16:30:03","modified_gmt":"2026-09-01T22:30:03","slug":"resuelto-problema-de-becas-con-estudiantes-de-zongolica-asegura-bienestar","status":"publish","type":"post","link":"https:\/\/encuentroinformativo.com.mx\/?p=78737","title":{"rendered":"Resuelto problema de becas con estudiantes de Zongolica, asegura Bienestar"},"content":{"rendered":"<p><strong>Dar\u00edo Pale<\/strong><\/p>\n<p>Xalapa, Ver.- El problema que enfrentaron estudiantes del Tecnol\u00f3gico de Zongolica para recibir sus becas ya fue resuelto y todos los alumnos afectados fueron reincorporados al esquema de apoyos, asegur\u00f3 Carlos Villa, coordinador de Becas para el Bienestar en Veracruz.<\/p>\n<p>Explic\u00f3 que la situaci\u00f3n se origin\u00f3 por un tema administrativo del propio tecnol\u00f3gico, por lo que descart\u00f3 que se tratara de una decisi\u00f3n para retirar de manera definitiva a los estudiantes del padr\u00f3n de beneficiarios.<\/p>\n<p>\u201cEst\u00e1n resarcidos todos en su recepci\u00f3n de becas\u201d, afirm\u00f3 el funcionario, quien se\u00f1al\u00f3 que actualmente los estudiantes ya reciben los apoyos correspondientes.<\/p>\n<p>Villa explic\u00f3 que los alumnos del Tecnol\u00f3gico de Zongolica son beneficiarios del programa J\u00f3venes Escribiendo el Futuro, dirigido a estudiantes de instituciones de educaci\u00f3n superior ubicadas en zonas con mayores condiciones de marginaci\u00f3n social.<\/p>\n<p>El funcionario tambi\u00e9n se refiri\u00f3 a la confusi\u00f3n registrada en la zona de Zongolica respecto a las becas de educaci\u00f3n b\u00e1sica. Se\u00f1al\u00f3 que alrededor del 95 por ciento de los estudiantes de esa regi\u00f3n cuentan con la Beca Benito Ju\u00e1rez, correspondiente al esquema anterior.<\/p>\n<p>Precis\u00f3 que estos estudiantes mantienen el apoyo para respetar sus derechos, por lo que algunas familias pudieron no identificar el nombre de la Beca Rita Cetina, debido a que contin\u00faan recibiendo el beneficio bajo el esquema de Benito Ju\u00e1rez.<\/p>\n<p style=\"text-align: center;\"><strong>1.3 millones de estudiantes beneficiados<\/strong><\/p>\n<p>Carlos Villa inform\u00f3 que actualmente alrededor de 1.3 millones de estudiantes forman parte del sistema de Becas para el Bienestar en Veracruz.<\/p>\n<p>Detall\u00f3 que al cierre del primer semestre del a\u00f1o se ten\u00eda una matr\u00edcula beneficiada cercana al mill\u00f3n de estudiantes, con una derrama econ\u00f3mica de aproximadamente 5 mil millones de pesos.<\/p>\n<p>Posteriormente, durante agosto, se ejercieron otros 824 millones de pesos, por lo que la derrama acumulada al inicio del actual ciclo escolar se aproxima a los 6 mil millones de pesos en la entidad.<\/p>\n<p>El coordinador destac\u00f3 que el regreso a clases tambi\u00e9n representa el inicio de nuevos procesos de incorporaci\u00f3n al sistema de becas para aquellos estudiantes que por primera vez ingresan a primaria, secundaria o preparatoria.<\/p>\n<p>Por ello, pidi\u00f3 a madres, padres de familia y estudiantes mantenerse atentos a las redes sociales y canales oficiales, ya que durante septiembre y octubre se dar\u00e1 a conocer informaci\u00f3n sobre la incorporaci\u00f3n de nuevos beneficiarios.<\/p>\n<p style=\"text-align: center;\"><strong>Faltan 25 mil estudiantes de primaria por incorporar<\/strong><\/p>\n<p>El funcionario indic\u00f3 que actualmente se tiene identificado un universo aproximado de 25 mil estudiantes de primaria que a\u00fan faltan por incorporarse al sistema de becas, proceso que se realizar\u00e1 durante septiembre y octubre.<\/p>\n<p>En el caso de secundaria, asegur\u00f3 que los estudiantes ya se encuentran incorporados al esquema desde el primer a\u00f1o de la administraci\u00f3n de la presidenta Claudia Sheinbaum.<\/p>\n<p>Asimismo, se\u00f1al\u00f3 que est\u00e1n contempladas las preparatorias p\u00fablicas y adelant\u00f3 que pr\u00f3ximamente podr\u00eda darse a conocer informaci\u00f3n relacionada con la incorporaci\u00f3n de estudiantes de universidades p\u00fablicas, aunque aclar\u00f3 que todav\u00eda no puede revelar detalles al respecto.<\/p>\n<p>En contraste, explic\u00f3 que los jardines de ni\u00f1os todav\u00eda no forman parte de la cobertura prioritaria, debido a que actualmente se est\u00e1 concentrando la atenci\u00f3n en primaria, secundaria, preparatoria y en el programa J\u00f3venes Escribiendo el Futuro.<\/p>\n<p style=\"text-align: center;\"><strong>Niega inter\u00e9s en participar en pol\u00edtica<\/strong><\/p>\n<p>Cuestionado sobre la convocatoria de Morena para ocupar coordinaciones federales y sobre la posibilidad de participar en alg\u00fan cargo de elecci\u00f3n popular, Carlos Villa descart\u00f3 tener inter\u00e9s.<\/p>\n<p>\u201cPara nada\u201d, respondi\u00f3 al ser cuestionado sobre una eventual participaci\u00f3n pol\u00edtica, y asegur\u00f3 que tampoco est\u00e1 involucrado en actividades partidistas.<\/p>\n<p>El funcionario se\u00f1al\u00f3 que continuar\u00e1 concentrado en las tareas relacionadas con la operaci\u00f3n y ampliaci\u00f3n de los programas de Becas para el Bienestar en Veracruz.<\/p>\n","protected":false},"excerpt":{"rendered":"<p>Dar\u00edo Pale Xalapa, Ver.- El problema que enfrentaron estudiantes del Tecnol\u00f3gico de Zongolica para recibir sus becas ya fue resuelto y todos los alumnos afectados fueron reincorporados al esquema de apoyos, asegur\u00f3 Carlos Villa, coordinador de Becas para el Bienestar en Veracruz. Explic\u00f3 que la situaci\u00f3n se origin\u00f3 por un tema administrativo del propio tecnol\u00f3gico, [&hellip;]<\/p>\n","protected":false},"author":2476,"featured_media":78738,"comment_status":"open","ping_status":"open","sticky":false,"template":"","format":"standard","meta":{"_jetpack_memberships_contains_paid_content":false,"footnotes":""},"categories":[2],"tags":[],"class_list":["post-78737","post","type-post","status-publish","format-standard","has-post-thumbnail","hentry","category-estado"],"jetpack_featured_media_url":"https:\/\/encuentroinformativo.com.mx\/wp-content\/uploads\/2026\/09\/IMG-20260901-WA0153.jpg","jetpack_sharing_enabled":true,"jetpack_likes_enabled":true,"amp_enabled":true,"_links":{"self":[{"href":"https:\/\/encuentroinformativo.com.mx\/index.php?rest_route=\/wp\/v2\/posts\/78737","targetHints":{"allow":["GET"]}}],"collection":[{"href":"https:\/\/encuentroinformativo.com.mx\/index.php?rest_route=\/wp\/v2\/posts"}],"about":[{"href":"https:\/\/encuentroinformativo.com.mx\/index.php?rest_route=\/wp\/v2\/types\/post"}],"author":[{"embeddable":true,"href":"https:\/\/encuentroinformativo.com.mx\/index.php?rest_route=\/wp\/v2\/users\/2476"}],"replies":[{"embeddable":true,"href":"https:\/\/encuentroinformativo.com.mx\/index.php?rest_route=%2Fwp%2Fv2%2Fcomments&post=78737"}],"version-history":[{"count":2,"href":"https:\/\/encuentroinformativo.com.mx\/index.php?rest_route=\/wp\/v2\/posts\/78737\/revisions"}],"predecessor-version":[{"id":78740,"href":"https:\/\/encuentroinformativo.com.mx\/index.php?rest_route=\/wp\/v2\/posts\/78737\/revisions\/78740"}],"wp:featuredmedia":[{"embeddable":true,"href":"https:\/\/encuentroinformativo.com.mx\/index.php?rest_route=\/wp\/v2\/media\/78738"}],"wp:attachment":[{"href":"https:\/\/encuentroinformativo.com.mx\/index.php?rest_route=%2Fwp%2Fv2%2Fmedia&parent=78737"}],"wp:term":[{"taxonomy":"category","embeddable":true,"href":"https:\/\/encuentroinformativo.com.mx\/index.php?rest_route=%2Fwp%2Fv2%2Fcategories&post=78737"},{"taxonomy":"post_tag","embeddable":true,"href":"https:\/\/encuentroinformativo.com.mx\/index.php?rest_route=%2Fwp%2Fv2%2Ftags&post=78737"}],"curies":[{"name":"wp","href":"https:\/\/api.w.org\/{rel}","templated":true}]}}