{"id":78744,"date":"2026-09-02T11:22:59","date_gmt":"2026-09-02T17:22:59","guid":{"rendered":"https:\/\/encuentroinformativo.com.mx\/?p=78744"},"modified":"2026-09-02T11:22:59","modified_gmt":"2026-09-02T17:22:59","slug":"presidenta-mantiene-atencion-permanente-a-veracruz-rocio-nahle","status":"publish","type":"post","link":"https:\/\/encuentroinformativo.com.mx\/?p=78744","title":{"rendered":"Presidenta mantiene atenci\u00f3n permanente a Veracruz: Roc\u00edo Nahle"},"content":{"rendered":"<p><strong>Dar\u00edo Pale<\/strong><\/p>\n<p>Xalapa, Ver.- La gobernadora anunci\u00f3 la visita de la presidenta a Veracruz el pr\u00f3ximo 10 de septiembre y adelant\u00f3 detalles de las actividades por las fiestas patrias en Xalapa.<\/p>\n<p>La gobernadora de Veracruz, Norma Roc\u00edo Nahle Garc\u00eda, destac\u00f3 los avances y proyectos anunciados para la entidad durante el segundo informe de gobierno de la presidenta Claudia Sheinbaum Pardo, al se\u00f1alar que Veracruz estuvo presente en distintos rubros de las acciones emprendidas por la administraci\u00f3n federal.<\/p>\n<p>En entrevista radiof\u00f3nica, Nahle Garc\u00eda calific\u00f3 el informe presidencial como \u201cmuy puntual, productivo y firme\u201d y afirm\u00f3 que Sheinbaum ha mantenido una atenci\u00f3n permanente hacia Veracruz.<\/p>\n<p>\u201cTenemos una presidenta de lujo\u201d, expres\u00f3 la mandataria estatal, quien resalt\u00f3 que desde el inicio de su administraci\u00f3n Claudia Sheinbaum ha visitado Veracruz en 15 ocasiones.<\/p>\n<p>Entre los proyectos relacionados directamente con Veracruz, mencion\u00f3 el acueducto que se construye en Coatzacoalcos, as\u00ed como la pr\u00f3xima construcci\u00f3n de una planta de tratamiento de agua en Poza Rica, municipio que, dijo, carece actualmente de una infraestructura de este tipo.<\/p>\n<p>Tambi\u00e9n destac\u00f3 el rescate de la industria petroqu\u00edmica en el sur de Veracruz y el proyecto de fertilizantes en el complejo de Escol\u00edn, en Poza Rica.<\/p>\n<p>En materia de infraestructura carretera, se\u00f1al\u00f3 que la presidenta anunci\u00f3 la rehabilitaci\u00f3n de la ruta del Golfo, desde Tabasco hasta Tamaulipas, trabajos que corresponden al Gobierno federal a trav\u00e9s de la Secretar\u00eda de Infraestructura, Comunicaciones y Transportes, adem\u00e1s de las acciones que realiza el Gobierno de Veracruz.<\/p>\n<p>Nahle Garc\u00eda tambi\u00e9n destac\u00f3 los resultados de los programas sociales federales y asegur\u00f3 que han contribuido a reducir los niveles de pobreza extrema y mejorar las condiciones de vida de la poblaci\u00f3n.<\/p>\n<p>Asimismo, resalt\u00f3 el crecimiento de la inversi\u00f3n extranjera directa en M\u00e9xico, los avances en materia de seguridad y la reducci\u00f3n de los homicidios dolosos, adem\u00e1s de los proyectos relacionados con salud y educaci\u00f3n.<\/p>\n<p>En el caso de Veracruz, record\u00f3 la inauguraci\u00f3n del Hospital Materno Infantil de Coatzacoalcos y se\u00f1al\u00f3 que el estado tambi\u00e9n ha sido beneficiado con acciones para incrementar la matr\u00edcula educativa y ampliar el acceso de j\u00f3venes y estudiantes a las aulas.<\/p>\n<p>Destaca Dos Bocas y precios de combustibles<\/p>\n<p>La gobernadora tambi\u00e9n se refiri\u00f3 a los avances en materia energ\u00e9tica y reconoci\u00f3 el papel de la refiner\u00eda de Dos Bocas para garantizar el abasto de combustibles en el pa\u00eds.<\/p>\n<p>Afirm\u00f3 que esta infraestructura ha contribuido a mantener estables los precios de la gasolina en M\u00e9xico, pese a los incrementos registrados en otras partes del mundo.<\/p>\n<p>En infraestructura urbana, adelant\u00f3 que pr\u00f3ximamente la presidenta Claudia Sheinbaum acudir\u00e1 a Veracruz para inaugurar un distribuidor vial ubicado frente a Tamsa, en el puerto de Veracruz, obra que, dijo, est\u00e1 pr\u00e1cticamente concluida.<\/p>\n<p style=\"text-align: center;\"><strong>Llama a mantener la unidad nacional<\/strong><\/p>\n<p>Durante la entrevista, Nahle Garc\u00eda tambi\u00e9n respald\u00f3 el llamado de la presidenta Claudia Sheinbaum a mantener la unidad entre los mexicanos, independientemente de las diferencias pol\u00edticas, ideol\u00f3gicas o religiosas.<\/p>\n<p>\u201cComo mexicanos debemos de estar unidos, independientemente de nuestra ideolog\u00eda, de nuestro credo, de nuestra religi\u00f3n\u201d, sostuvo.<\/p>\n<p>La gobernadora consider\u00f3 que, ante los cambios en la pol\u00edtica internacional y las diferencias internas, M\u00e9xico debe mantener una posici\u00f3n de unidad y defender su soberan\u00eda.<\/p>\n<p>En ese sentido, cuestion\u00f3 a dirigentes nacionales de partidos pol\u00edticos que, seg\u00fan dijo, han acudido a Estados Unidos a solicitar acciones contra M\u00e9xico.<\/p>\n<p>\u201cAnte nuestras diferencias, son respetables, pero hay que estar unidos en un solo entorno que es M\u00e9xico\u201d, manifest\u00f3.<\/p>\n<p style=\"text-align: center;\"><strong>Respaldan a mexicanos en Estados Unidos<\/strong><\/p>\n<p>Nahle Garc\u00eda tambi\u00e9n reconoci\u00f3 la postura del Gobierno de M\u00e9xico frente a las acciones del Servicio de Inmigraci\u00f3n y Control de Aduanas de Estados Unidos (ICE) contra migrantes mexicanos.<\/p>\n<p>Se\u00f1al\u00f3 que el Gobierno federal ha presentado denuncias por la muerte de connacionales en Estados Unidos y calific\u00f3 como positiva la defensa que se realiza de los mexicanos que trabajan en ese pa\u00eds.<\/p>\n<p>Record\u00f3 que una importante cantidad de veracruzanos radica y trabaja en Estados Unidos para mejorar las condiciones econ\u00f3micas de sus familias.<\/p>\n<p>Ante el retorno de algunos connacionales a M\u00e9xico, la gobernadora se\u00f1al\u00f3 que su administraci\u00f3n busca generar condiciones para que quienes regresen puedan encontrar oportunidades, particularmente en actividades como el campo y la pesca.<\/p>\n<p>Tambi\u00e9n consider\u00f3 necesario ampliar las opciones educativas para los j\u00f3venes.<\/p>\n<p style=\"text-align: center;\"><strong>Veracruz prepara visita de Claudia Sheinbaum<\/strong><\/p>\n<p>Nahle Garc\u00eda adelant\u00f3 que Claudia Sheinbaum visitar\u00e1 Veracruz el pr\u00f3ximo 10 de septiembre, donde presentar\u00e1 un informe relacionado con las acciones y obras realizadas en la entidad.<\/p>\n<p>\u201cVamos a prepararnos para recibirla el 10 de septiembre ac\u00e1\u201d, se\u00f1al\u00f3.<\/p>\n<p>La gobernadora explic\u00f3 que este mi\u00e9rcoles su agenda contempla su participaci\u00f3n en la mesa de seguridad y posteriormente una reuni\u00f3n de gabinete, como parte de la revisi\u00f3n de las acciones correspondientes al mes de septiembre.<\/p>\n<p style=\"text-align: center;\"><strong>Anuncia colecta para construir CRIT en Minatitl\u00e1n<\/strong><\/p>\n<p>Otro de los anuncios realizados por la gobernadora fue el inicio de una colecta voluntaria para el Telet\u00f3n, cuya edici\u00f3n de este a\u00f1o se realizar\u00e1 el 10 de octubre.<\/p>\n<p>Explic\u00f3 que los recursos estar\u00e1n destinados a la construcci\u00f3n de un Centro de Rehabilitaci\u00f3n e Inclusi\u00f3n Infantil Telet\u00f3n (CRIT) en Minatitl\u00e1n, con el objetivo de brindar atenci\u00f3n a ni\u00f1as y ni\u00f1os del sur de Veracruz.<\/p>\n<p>Nahle Garc\u00eda hizo un llamado a la ciudadan\u00eda a participar de manera voluntaria para alcanzar la meta y hacer posible la construcci\u00f3n del nuevo centro de rehabilitaci\u00f3n.<\/p>\n<p style=\"text-align: center;\"><strong>Preparan un \u201cGrito\u201d con m\u00fasica y tradici\u00f3n en Xalapa<\/strong><\/p>\n<p>Finalmente, la gobernadora adelant\u00f3 parte de las actividades que se realizar\u00e1n en Xalapa con motivo de las fiestas patrias.<\/p>\n<p>Inform\u00f3 que los festejos comenzar\u00e1n desde las 16:00 horas en Plaza Lerdo, con la participaci\u00f3n de grupos veracruzanos, regionales y artistas.<\/p>\n<p>Entre los espect\u00e1culos programados se encuentra la presentaci\u00f3n de la soprano veracruzana Olivia Gorra, prevista para las 20:00 horas.<\/p>\n<p>Posteriormente, previo al tradicional Grito de Independencia, se presentar\u00e1 el grupo veracruzano Son de Madera \u2014mencionado durante la entrevista como \u201cSon Cancela\u201d\u2014 y despu\u00e9s del acto protocolario actuar\u00e1 Grupo Ca\u00f1averal.<\/p>\n<p>Nahle Garc\u00eda asegur\u00f3 que se busca que la celebraci\u00f3n sea una fiesta alegre y familiar para que los xalape\u00f1os puedan disfrutar de las tradiciones mexicanas.<\/p>\n<p>\u201cVa a ser un grito de baile, muy alegre\u201d, expres\u00f3 la gobernadora, quien invit\u00f3 a la poblaci\u00f3n a disfrutar de las actividades durante este mes patrio.<\/p>\n","protected":false},"excerpt":{"rendered":"<p>Dar\u00edo Pale Xalapa, Ver.- La gobernadora anunci\u00f3 la visita de la presidenta a Veracruz el pr\u00f3ximo 10 de septiembre y adelant\u00f3 detalles de las actividades por las fiestas patrias en Xalapa. La gobernadora de Veracruz, Norma Roc\u00edo Nahle Garc\u00eda, destac\u00f3 los avances y proyectos anunciados para la entidad durante el segundo informe de gobierno de [&hellip;]<\/p>\n","protected":false},"author":2476,"featured_media":77565,"comment_status":"open","ping_status":"open","sticky":false,"template":"","format":"standard","meta":{"_jetpack_memberships_contains_paid_content":false,"footnotes":""},"categories":[2],"tags":[],"class_list":["post-78744","post","type-post","status-publish","format-standard","has-post-thumbnail","hentry","category-estado"],"jetpack_featured_media_url":"https:\/\/encuentroinformativo.com.mx\/wp-content\/uploads\/2026\/06\/IMG-20260622-WA01643.jpg","jetpack_sharing_enabled":true,"jetpack_likes_enabled":true,"amp_enabled":true,"_links":{"self":[{"href":"https:\/\/encuentroinformativo.com.mx\/index.php?rest_route=\/wp\/v2\/posts\/78744","targetHints":{"allow":["GET"]}}],"collection":[{"href":"https:\/\/encuentroinformativo.com.mx\/index.php?rest_route=\/wp\/v2\/posts"}],"about":[{"href":"https:\/\/encuentroinformativo.com.mx\/index.php?rest_route=\/wp\/v2\/types\/post"}],"author":[{"embeddable":true,"href":"https:\/\/encuentroinformativo.com.mx\/index.php?rest_route=\/wp\/v2\/users\/2476"}],"replies":[{"embeddable":true,"href":"https:\/\/encuentroinformativo.com.mx\/index.php?rest_route=%2Fwp%2Fv2%2Fcomments&post=78744"}],"version-history":[{"count":1,"href":"https:\/\/encuentroinformativo.com.mx\/index.php?rest_route=\/wp\/v2\/posts\/78744\/revisions"}],"predecessor-version":[{"id":78745,"href":"https:\/\/encuentroinformativo.com.mx\/index.php?rest_route=\/wp\/v2\/posts\/78744\/revisions\/78745"}],"wp:featuredmedia":[{"embeddable":true,"href":"https:\/\/encuentroinformativo.com.mx\/index.php?rest_route=\/wp\/v2\/media\/77565"}],"wp:attachment":[{"href":"https:\/\/encuentroinformativo.com.mx\/index.php?rest_route=%2Fwp%2Fv2%2Fmedia&parent=78744"}],"wp:term":[{"taxonomy":"category","embeddable":true,"href":"https:\/\/encuentroinformativo.com.mx\/index.php?rest_route=%2Fwp%2Fv2%2Fcategories&post=78744"},{"taxonomy":"post_tag","embeddable":true,"href":"https:\/\/encuentroinformativo.com.mx\/index.php?rest_route=%2Fwp%2Fv2%2Ftags&post=78744"}],"curies":[{"name":"wp","href":"https:\/\/api.w.org\/{rel}","templated":true}]}}