{"id":78746,"date":"2026-09-02T11:38:05","date_gmt":"2026-09-02T17:38:05","guid":{"rendered":"https:\/\/encuentroinformativo.com.mx\/?p=78746"},"modified":"2026-09-02T11:38:05","modified_gmt":"2026-09-02T17:38:05","slug":"inaugura-alcalde-de-banderilla-techado-de-telebachillerato-en-temaxcalapa","status":"publish","type":"post","link":"https:\/\/encuentroinformativo.com.mx\/?p=78746","title":{"rendered":"Inaugura alcalde de Banderilla techado de telebachillerato en Temaxcalapa"},"content":{"rendered":"<p><strong>* \u201cLa palabra empe\u00f1ada del presidente Municipal, ahora, qued\u00f3 cumplida\u201d, destac\u00f3 el director del TEBA, Hugo Oliva Meza.<\/strong><\/p>\n<p><strong>* Esta infraestructura beneficia a 474 estudiantes, personal acad\u00e9mico, administrativo y de servicios generales, as\u00ed como a toda la comunidad TEBA<\/strong><\/p>\n<p>Banderilla, Ver.- Con una inversi\u00f3n de 1.534 millones de pesos del Fondo de Aportaciones para la Infraestructura Social Municipal y de las Demarcaciones Territoriales del Distrito Federal (FAISMUNDF 2026) el gobierno del presidente Jos\u00e9 Antonio Sangabriel Fern\u00e1ndez realiz\u00f3 la construcci\u00f3n del techado en el \u00e1rea de usos m\u00faltiples del Telebachillerato-Banderilla (TEBA) en la Colonia Temaxcalapa.<\/p>\n<p>Con esta obra que beneficia a 474 estudiantes de preparatoria, padres de familia, as\u00ed como al personal docente, trabajadores administrativos y de servicios generales, el alcalde Jos\u00e9 Antonio Sangabriel Fern\u00e1ndez cumpli\u00f3 con su palabra empe\u00f1ada.<\/p>\n<p>Al dirigirse a todos los presentes en el nuevo espacio techado, el presidente Municipal dijo que \u201ctienen que valorar este esfuerzo econ\u00f3mico que hemos hecho en mi administraci\u00f3n para equipar a su escuela, para mejorar la infraestructura escolar, era un compromiso que hice con ustedes y aqu\u00ed est\u00e1n los resultados\u201d.<\/p>\n<p>El director del Telebachillerato Banderilla, Hugo Oliva Meza dijo que \u201cla construcci\u00f3n e inauguraci\u00f3n de esta infraestructura hacen que este sea un d\u00eda hist\u00f3rico, toda vez que es la realizaci\u00f3n de un sue\u00f1o largamente anhelado, porque nuestra esperanza es que los pol\u00edticos nos vieran con otros ojos\u201d.<\/p>\n<p>Y agreg\u00f3: \u201ca\u00fan recuerdo cuando visitamos al Presidente Municipal y le solicitamos su apoyo para la realizaci\u00f3n de esta obra y usted nos respondi\u00f3 afirmativamente y, aunque no precis\u00f3 la fecha de inicio de la construcci\u00f3n, nos asegur\u00f3 que \u00e9sta se har\u00eda porque usted es un hombre de palabra\u201d.<\/p>\n<p>\u201cHoy lo comprobamos que, efectivamente, usted es un hombre de palabra ya que nos est\u00e1 entregando una infraestructura escolar que ser\u00e1 aprovechada de manera integral por nuestros alumnos, exalumnos, personal acad\u00e9mico, padres y madres de familia, trabajadores administrativos y visitantes en general\u201d.<\/p>\n<p>Informaci\u00f3n de la Direcci\u00f3n de Obras que encabeza Reyes L\u00f3pez Hern\u00e1ndez destaca que esta obra tiene como principal objetivo proporcionar a las y los estudiantes un espacio digno, seguro y funcional, que les permita desarrollar actividades acad\u00e9micas, deportivas, culturales, c\u00edvicas y recreativas y los salvaguarde de las condiciones clim\u00e1ticas.<\/p>\n<p>Los trabajos realizados comprendieron la preparaci\u00f3n y adecuaci\u00f3n del terreno, construcci\u00f3n de cimentaciones y elementos estructurales de concreto, conformaci\u00f3n y mejoramiento del \u00e1rea, colocaci\u00f3n de piso de concreto y acabados.<\/p>\n<p>Se realiz\u00f3, tambi\u00e9n, la instalaci\u00f3n de la estructura met\u00e1lica y cubierta de arco techo, as\u00ed como los elementos necesarios para la conducci\u00f3n y desalojo de aguas pluviales. La obra consider\u00f3, asimismo, el equipamiento deportivo, trabajos de pintura y adecuaciones complementarias para garantizar la funcionalidad del espacio. Como parte de los trabajos finales se efectu\u00f3 la limpieza general del \u00e1rea y la colocaci\u00f3n de la placa informativa correspondiente.<\/p>\n<p>El presidente Municipal de Banderilla estuvo acompa\u00f1ado por la Sindica \u00danica, Estefan\u00eda Cruz Morales; Regidora Primera, Miriam Lagunes Mar\u00edn; Regidora Segunda, Tania Landa Carmona y por el secretario del Ayuntamiento, Librado Sirenio Arriaga Galv\u00e1n, entre otros servidores p\u00fablicos municipales.<\/p>\n","protected":false},"excerpt":{"rendered":"<p>* \u201cLa palabra empe\u00f1ada del presidente Municipal, ahora, qued\u00f3 cumplida\u201d, destac\u00f3 el director del TEBA, Hugo Oliva Meza. * Esta infraestructura beneficia a 474 estudiantes, personal acad\u00e9mico, administrativo y de servicios generales, as\u00ed como a toda la comunidad TEBA Banderilla, Ver.- Con una inversi\u00f3n de 1.534 millones de pesos del Fondo de Aportaciones para la [&hellip;]<\/p>\n","protected":false},"author":2476,"featured_media":78747,"comment_status":"open","ping_status":"open","sticky":false,"template":"","format":"standard","meta":{"_jetpack_memberships_contains_paid_content":false,"footnotes":""},"categories":[8],"tags":[],"class_list":["post-78746","post","type-post","status-publish","format-standard","has-post-thumbnail","hentry","category-region"],"jetpack_featured_media_url":"https:\/\/encuentroinformativo.com.mx\/wp-content\/uploads\/2026\/09\/IMG-20260902-WA01542.jpg","jetpack_sharing_enabled":true,"jetpack_likes_enabled":true,"amp_enabled":true,"_links":{"self":[{"href":"https:\/\/encuentroinformativo.com.mx\/index.php?rest_route=\/wp\/v2\/posts\/78746","targetHints":{"allow":["GET"]}}],"collection":[{"href":"https:\/\/encuentroinformativo.com.mx\/index.php?rest_route=\/wp\/v2\/posts"}],"about":[{"href":"https:\/\/encuentroinformativo.com.mx\/index.php?rest_route=\/wp\/v2\/types\/post"}],"author":[{"embeddable":true,"href":"https:\/\/encuentroinformativo.com.mx\/index.php?rest_route=\/wp\/v2\/users\/2476"}],"replies":[{"embeddable":true,"href":"https:\/\/encuentroinformativo.com.mx\/index.php?rest_route=%2Fwp%2Fv2%2Fcomments&post=78746"}],"version-history":[{"count":1,"href":"https:\/\/encuentroinformativo.com.mx\/index.php?rest_route=\/wp\/v2\/posts\/78746\/revisions"}],"predecessor-version":[{"id":78748,"href":"https:\/\/encuentroinformativo.com.mx\/index.php?rest_route=\/wp\/v2\/posts\/78746\/revisions\/78748"}],"wp:featuredmedia":[{"embeddable":true,"href":"https:\/\/encuentroinformativo.com.mx\/index.php?rest_route=\/wp\/v2\/media\/78747"}],"wp:attachment":[{"href":"https:\/\/encuentroinformativo.com.mx\/index.php?rest_route=%2Fwp%2Fv2%2Fmedia&parent=78746"}],"wp:term":[{"taxonomy":"category","embeddable":true,"href":"https:\/\/encuentroinformativo.com.mx\/index.php?rest_route=%2Fwp%2Fv2%2Fcategories&post=78746"},{"taxonomy":"post_tag","embeddable":true,"href":"https:\/\/encuentroinformativo.com.mx\/index.php?rest_route=%2Fwp%2Fv2%2Ftags&post=78746"}],"curies":[{"name":"wp","href":"https:\/\/api.w.org\/{rel}","templated":true}]}}