{"id":78749,"date":"2026-09-02T13:51:37","date_gmt":"2026-09-02T19:51:37","guid":{"rendered":"https:\/\/encuentroinformativo.com.mx\/?p=78749"},"modified":"2026-09-02T13:51:37","modified_gmt":"2026-09-02T19:51:37","slug":"lanzan-convocatoria-para-reyes-del-carnaval-de-veracruz-2027","status":"publish","type":"post","link":"https:\/\/encuentroinformativo.com.mx\/?p=78749","title":{"rendered":"Lanzan convocatoria para Reyes del Carnaval de Veracruz 2027"},"content":{"rendered":"<p><strong>Alejandro \u00c1vila<\/strong><\/p>\n<p>\u200bVeracruz, Ver.- Justo 6 meses antes de realizar la m\u00e1xima fiesta de Veracruz, la Direcci\u00f3n de Turismo present\u00f3 oficialmente la convocatoria para buscar a los pr\u00f3ximos soberanos de la Corte Real del Carnaval de Veracruz 2027 en su edici\u00f3n 103.<\/p>\n<p>\u200bEn conferencia de prensa encabezada por el director de turismo y presidente del comit\u00e9, Daniel Mart\u00edn Lois se\u00f1al\u00f3 que, los interesados en contender por los t\u00edtulos de rey, reina o reyes infantiles tendr\u00e1n un margen de tiempo muy acotado; las inscripciones inician formalmente este 2 de septiembre y concluir\u00e1n de manera imponente el 2 de octubre de 2026 a las 14:00 horas.<\/p>\n<p>\u200bAsimismo, aclar\u00f3 que, el proceso cuenta con candados claros de participaci\u00f3n para evitar saturaciones: \u201c\u00danicamente se cancelar\u00eda o no seguir\u00eda la convocatoria en el caso de que en cualquiera de las jerarqu\u00edas llegue a haber seis candidatos; autom\u00e1ticamente ya no se recibir\u00eda m\u00e1s\u201d, advirti\u00f3 el funcionario.<\/p>\n<p>\u200bLa contienda por los cetros estar\u00e1 marcada por dos momentos econ\u00f3micos determinantes para evaluar el respaldo ciudadano de cada aspirante, desterrando por completo la asignaci\u00f3n por dedazo; el primer c\u00f3mputo ser\u00e1 el jueves 29 de octubre de 2026 (metas m\u00ednimas de $135,768 pesos para adultos y $54,307.20 pesos para infantiles); mientras que el c\u00f3mputo final ser\u00e1 el jueves 19 de noviembre de 2026, fecha en la que se definir\u00e1 oficialmente a los nuevos integrantes de la Corte Real.<\/p>\n<p>\u200bAdem\u00e1s, se confirm\u00f3 que se aceptan patrocinios, pero con la condicionante de reportar fehacientemente su procedencia dentro de un marco de conducta y valores de altruismo que los aspirantes firman al momento de inscribirse.<\/p>\n<p>\u200bPara cerrar con broche de oro, se ratific\u00f3 que las fechas del Carnaval de Veracruz 2027 ser\u00e1n del 2 al 10 de febrero de 2027, aline\u00e1ndose de nuevo al calendario eclesi\u00e1stico tradicional; con estos preparativos, las expectativas del comit\u00e9 organizador son sumamente elevadas, impulsadas por el rotundo \u00e9xito y la gran aceptaci\u00f3n que dej\u00f3 la edici\u00f3n pasada al retornar a su \u00e9poca cl\u00e1sica.<\/p>\n<p>\u200b\u201cRegresamos a lo m\u00e1s tradicional posible&#8230; ya iremos destapando m\u00e1s cosas del Carnaval; todav\u00eda no presentamos dise\u00f1o ni nada por el estilo por el hecho de que va a haber una presentaci\u00f3n oficial, pero era importante iniciar con este proceso\u201d, concluy\u00f3 Daniel Mart\u00edn Lois.<\/p>\n","protected":false},"excerpt":{"rendered":"<p>Alejandro \u00c1vila \u200bVeracruz, Ver.- Justo 6 meses antes de realizar la m\u00e1xima fiesta de Veracruz, la Direcci\u00f3n de Turismo present\u00f3 oficialmente la convocatoria para buscar a los pr\u00f3ximos soberanos de la Corte Real del Carnaval de Veracruz 2027 en su edici\u00f3n 103. \u200bEn conferencia de prensa encabezada por el director de turismo y presidente del [&hellip;]<\/p>\n","protected":false},"author":2476,"featured_media":78750,"comment_status":"open","ping_status":"open","sticky":false,"template":"","format":"standard","meta":{"_jetpack_memberships_contains_paid_content":false,"footnotes":""},"categories":[2],"tags":[],"class_list":["post-78749","post","type-post","status-publish","format-standard","has-post-thumbnail","hentry","category-estado"],"jetpack_featured_media_url":"https:\/\/encuentroinformativo.com.mx\/wp-content\/uploads\/2026\/09\/IMG-20260902-WA01892.jpg","jetpack_sharing_enabled":true,"jetpack_likes_enabled":true,"amp_enabled":true,"_links":{"self":[{"href":"https:\/\/encuentroinformativo.com.mx\/index.php?rest_route=\/wp\/v2\/posts\/78749","targetHints":{"allow":["GET"]}}],"collection":[{"href":"https:\/\/encuentroinformativo.com.mx\/index.php?rest_route=\/wp\/v2\/posts"}],"about":[{"href":"https:\/\/encuentroinformativo.com.mx\/index.php?rest_route=\/wp\/v2\/types\/post"}],"author":[{"embeddable":true,"href":"https:\/\/encuentroinformativo.com.mx\/index.php?rest_route=\/wp\/v2\/users\/2476"}],"replies":[{"embeddable":true,"href":"https:\/\/encuentroinformativo.com.mx\/index.php?rest_route=%2Fwp%2Fv2%2Fcomments&post=78749"}],"version-history":[{"count":1,"href":"https:\/\/encuentroinformativo.com.mx\/index.php?rest_route=\/wp\/v2\/posts\/78749\/revisions"}],"predecessor-version":[{"id":78751,"href":"https:\/\/encuentroinformativo.com.mx\/index.php?rest_route=\/wp\/v2\/posts\/78749\/revisions\/78751"}],"wp:featuredmedia":[{"embeddable":true,"href":"https:\/\/encuentroinformativo.com.mx\/index.php?rest_route=\/wp\/v2\/media\/78750"}],"wp:attachment":[{"href":"https:\/\/encuentroinformativo.com.mx\/index.php?rest_route=%2Fwp%2Fv2%2Fmedia&parent=78749"}],"wp:term":[{"taxonomy":"category","embeddable":true,"href":"https:\/\/encuentroinformativo.com.mx\/index.php?rest_route=%2Fwp%2Fv2%2Fcategories&post=78749"},{"taxonomy":"post_tag","embeddable":true,"href":"https:\/\/encuentroinformativo.com.mx\/index.php?rest_route=%2Fwp%2Fv2%2Ftags&post=78749"}],"curies":[{"name":"wp","href":"https:\/\/api.w.org\/{rel}","templated":true}]}}