{"id":78752,"date":"2026-09-02T13:57:44","date_gmt":"2026-09-02T19:57:44","guid":{"rendered":"https:\/\/encuentroinformativo.com.mx\/?p=78752"},"modified":"2026-09-02T13:57:44","modified_gmt":"2026-09-02T19:57:44","slug":"icatver-profesionalizara-a-los-alvaradenos","status":"publish","type":"post","link":"https:\/\/encuentroinformativo.com.mx\/?p=78752","title":{"rendered":"ICATVER profesionalizar\u00e1 a los alvarade\u00f1os"},"content":{"rendered":"<p><strong>Alejandro \u00c1vila<\/strong><\/p>\n<p>Alvarado, Ver.- Con la intenci\u00f3n de detonar el desarrollo humano, la preparaci\u00f3n y el crecimiento profesional de las y los habitantes, el alcalde Alberto Cobos M\u00e1rquez, concret\u00f3 una alianza estrat\u00e9gica mediante la firma de un convenio de colaboraci\u00f3n con el Instituto de Capacitaci\u00f3n para el Trabajo del Estado de Veracruz (ICATVER).<\/p>\n<p>\u200bEste acuerdo formalizado junto a la Directora General del organismo, la Adriana Esther Mart\u00ednez S\u00e1nchez, establece los mecanismos necesarios para acercar de manera directa cursos y herramientas de aprendizaje pr\u00e1ctico a la demarcaci\u00f3n; la suma de voluntades, respaldada de manera un\u00e1nime por los integrantes del Cabildo, busca incidir de forma directa en las necesidades prioritarias del municipio.<\/p>\n<p>\u200bLa irrupci\u00f3n de este tipo de proyectos de capacitaci\u00f3n t\u00e9cnica y ocupacional en Alvarado responde a una demanda social inaplazable. A pesar de contar con una posici\u00f3n geogr\u00e1fica privilegiada y un dinamismo econ\u00f3mico en puerta (vinculado a inversiones estrat\u00e9gicas en materia energ\u00e9tica y al crecimiento tur\u00edstico de la regi\u00f3n), el municipio arrastra hist\u00f3ricamente rezagos en materia de empleo formal, autoempleo y especializaci\u00f3n laboral para sus comunidades urbanas y rurales.<\/p>\n<p>\u200bLa llegada de los programas del ICATVER bajo la administraci\u00f3n de Cobos M\u00e1rquez representa una herramienta de intervenci\u00f3n directa para transformar las habilidades de la poblaci\u00f3n local, permitiendo que la ciudadan\u00eda no sea un espectador ajeno, sino un actor protagonista de la derrama econ\u00f3mica y los nuevos puestos de trabajo que se proyectan para la zona.<\/p>\n","protected":false},"excerpt":{"rendered":"<p>Alejandro \u00c1vila Alvarado, Ver.- Con la intenci\u00f3n de detonar el desarrollo humano, la preparaci\u00f3n y el crecimiento profesional de las y los habitantes, el alcalde Alberto Cobos M\u00e1rquez, concret\u00f3 una alianza estrat\u00e9gica mediante la firma de un convenio de colaboraci\u00f3n con el Instituto de Capacitaci\u00f3n para el Trabajo del Estado de Veracruz (ICATVER). \u200bEste acuerdo [&hellip;]<\/p>\n","protected":false},"author":2476,"featured_media":78753,"comment_status":"open","ping_status":"open","sticky":false,"template":"","format":"standard","meta":{"_jetpack_memberships_contains_paid_content":false,"footnotes":""},"categories":[2],"tags":[],"class_list":["post-78752","post","type-post","status-publish","format-standard","has-post-thumbnail","hentry","category-estado"],"jetpack_featured_media_url":"https:\/\/encuentroinformativo.com.mx\/wp-content\/uploads\/2026\/09\/IMG-20260902-WA02312.jpg","jetpack_sharing_enabled":true,"jetpack_likes_enabled":true,"amp_enabled":true,"_links":{"self":[{"href":"https:\/\/encuentroinformativo.com.mx\/index.php?rest_route=\/wp\/v2\/posts\/78752","targetHints":{"allow":["GET"]}}],"collection":[{"href":"https:\/\/encuentroinformativo.com.mx\/index.php?rest_route=\/wp\/v2\/posts"}],"about":[{"href":"https:\/\/encuentroinformativo.com.mx\/index.php?rest_route=\/wp\/v2\/types\/post"}],"author":[{"embeddable":true,"href":"https:\/\/encuentroinformativo.com.mx\/index.php?rest_route=\/wp\/v2\/users\/2476"}],"replies":[{"embeddable":true,"href":"https:\/\/encuentroinformativo.com.mx\/index.php?rest_route=%2Fwp%2Fv2%2Fcomments&post=78752"}],"version-history":[{"count":1,"href":"https:\/\/encuentroinformativo.com.mx\/index.php?rest_route=\/wp\/v2\/posts\/78752\/revisions"}],"predecessor-version":[{"id":78754,"href":"https:\/\/encuentroinformativo.com.mx\/index.php?rest_route=\/wp\/v2\/posts\/78752\/revisions\/78754"}],"wp:featuredmedia":[{"embeddable":true,"href":"https:\/\/encuentroinformativo.com.mx\/index.php?rest_route=\/wp\/v2\/media\/78753"}],"wp:attachment":[{"href":"https:\/\/encuentroinformativo.com.mx\/index.php?rest_route=%2Fwp%2Fv2%2Fmedia&parent=78752"}],"wp:term":[{"taxonomy":"category","embeddable":true,"href":"https:\/\/encuentroinformativo.com.mx\/index.php?rest_route=%2Fwp%2Fv2%2Fcategories&post=78752"},{"taxonomy":"post_tag","embeddable":true,"href":"https:\/\/encuentroinformativo.com.mx\/index.php?rest_route=%2Fwp%2Fv2%2Ftags&post=78752"}],"curies":[{"name":"wp","href":"https:\/\/api.w.org\/{rel}","templated":true}]}}