{"id":78755,"date":"2026-09-02T14:07:21","date_gmt":"2026-09-02T20:07:21","guid":{"rendered":"https:\/\/encuentroinformativo.com.mx\/?p=78755"},"modified":"2026-09-02T14:07:21","modified_gmt":"2026-09-02T20:07:21","slug":"grupo-mas-inicia-programa-de-condonacion-de-multas-y-recargos-en-medellin","status":"publish","type":"post","link":"https:\/\/encuentroinformativo.com.mx\/?p=78755","title":{"rendered":"Grupo MAS inicia programa de condonaci\u00f3n de multas y recargos en Medell\u00edn\u00a0"},"content":{"rendered":"<p><strong>Alejandro \u00c1vila<\/strong><\/p>\n<p>\u200bMedell\u00edn de Bravo, Ver.- Con el prop\u00f3sito de apoyar la econom\u00eda familiar y garantizar el acceso al suministro b\u00e1sico, el Ayuntamiento de Medell\u00edn de Bravo concret\u00f3 un acuerdo estrat\u00e9gico con Grupo MAS para implementar un programa especial de regularizaci\u00f3n del servicio de agua potable durante este mes de septiembre.<\/p>\n<p>\u200bDerivado de las gestiones encabezadas por el alcalde Samuel Acosta Mart\u00ednez, qued\u00f3 instalado un m\u00f3dulo de atenci\u00f3n directa en las instalaciones del Palacio Municipal, este espacio operar\u00e1 de lunes a viernes, en un horario de 9:00 de la ma\u00f1ana a 4:00 de la tarde, para ofrecer asesor\u00eda personalizada a los usuarios que arrastren adeudos hist\u00f3ricos.<\/p>\n<p>\u200bEl acuerdo contempla medidas econ\u00f3micas significativas dise\u00f1adas para aligerar la carga financiera de los usuarios y facilitar la puesta al corriente de los contratos residenciales; cien por ciento de descuento en multas y recargos acumulados, convenios de pago que requieren \u00fanicamente un anticipo del 30 por ciento, permitiendo liquidar el saldo restante hasta en 18 mensualidades sin intereses, cincuenta por ciento de descuento en el costo por la reconexi\u00f3n del servicio para aquellos hogares que se encuentren suspendidos.<\/p>\n<p>\u200bAnte este panorama, el gobierno municipal reiter\u00f3 el llamado a la ciudadan\u00eda para que acuda al m\u00f3dulo durante todo septiembre, aproveche las facilidades extraordinarias gestionadas ante la empresa operadora y evite que sus adeudos sigan creciendo, asegurando as\u00ed la estabilidad en el suministro de agua para sus hogares.<\/p>\n","protected":false},"excerpt":{"rendered":"<p>Alejandro \u00c1vila \u200bMedell\u00edn de Bravo, Ver.- Con el prop\u00f3sito de apoyar la econom\u00eda familiar y garantizar el acceso al suministro b\u00e1sico, el Ayuntamiento de Medell\u00edn de Bravo concret\u00f3 un acuerdo estrat\u00e9gico con Grupo MAS para implementar un programa especial de regularizaci\u00f3n del servicio de agua potable durante este mes de septiembre. \u200bDerivado de las gestiones [&hellip;]<\/p>\n","protected":false},"author":2476,"featured_media":78756,"comment_status":"open","ping_status":"open","sticky":false,"template":"","format":"standard","meta":{"_jetpack_memberships_contains_paid_content":false,"footnotes":""},"categories":[2],"tags":[],"class_list":["post-78755","post","type-post","status-publish","format-standard","has-post-thumbnail","hentry","category-estado"],"jetpack_featured_media_url":"https:\/\/encuentroinformativo.com.mx\/wp-content\/uploads\/2026\/09\/IMG-20260902-WA0195.jpg","jetpack_sharing_enabled":true,"jetpack_likes_enabled":true,"amp_enabled":true,"_links":{"self":[{"href":"https:\/\/encuentroinformativo.com.mx\/index.php?rest_route=\/wp\/v2\/posts\/78755","targetHints":{"allow":["GET"]}}],"collection":[{"href":"https:\/\/encuentroinformativo.com.mx\/index.php?rest_route=\/wp\/v2\/posts"}],"about":[{"href":"https:\/\/encuentroinformativo.com.mx\/index.php?rest_route=\/wp\/v2\/types\/post"}],"author":[{"embeddable":true,"href":"https:\/\/encuentroinformativo.com.mx\/index.php?rest_route=\/wp\/v2\/users\/2476"}],"replies":[{"embeddable":true,"href":"https:\/\/encuentroinformativo.com.mx\/index.php?rest_route=%2Fwp%2Fv2%2Fcomments&post=78755"}],"version-history":[{"count":1,"href":"https:\/\/encuentroinformativo.com.mx\/index.php?rest_route=\/wp\/v2\/posts\/78755\/revisions"}],"predecessor-version":[{"id":78757,"href":"https:\/\/encuentroinformativo.com.mx\/index.php?rest_route=\/wp\/v2\/posts\/78755\/revisions\/78757"}],"wp:featuredmedia":[{"embeddable":true,"href":"https:\/\/encuentroinformativo.com.mx\/index.php?rest_route=\/wp\/v2\/media\/78756"}],"wp:attachment":[{"href":"https:\/\/encuentroinformativo.com.mx\/index.php?rest_route=%2Fwp%2Fv2%2Fmedia&parent=78755"}],"wp:term":[{"taxonomy":"category","embeddable":true,"href":"https:\/\/encuentroinformativo.com.mx\/index.php?rest_route=%2Fwp%2Fv2%2Fcategories&post=78755"},{"taxonomy":"post_tag","embeddable":true,"href":"https:\/\/encuentroinformativo.com.mx\/index.php?rest_route=%2Fwp%2Fv2%2Ftags&post=78755"}],"curies":[{"name":"wp","href":"https:\/\/api.w.org\/{rel}","templated":true}]}}