{"id":78758,"date":"2026-09-02T14:25:52","date_gmt":"2026-09-02T20:25:52","guid":{"rendered":"https:\/\/encuentroinformativo.com.mx\/?p=78758"},"modified":"2026-09-02T14:25:52","modified_gmt":"2026-09-02T20:25:52","slug":"uv-solicito-240-mdp-de-incremento-a-la-federacion","status":"publish","type":"post","link":"https:\/\/encuentroinformativo.com.mx\/?p=78758","title":{"rendered":"UV solicit\u00f3 240 mdp de incremento a la Federaci\u00f3n"},"content":{"rendered":"<p><strong>Dar\u00edo Pale<\/strong><\/p>\n<p>Xalapa, Ver.- La Universidad Veracruzana (UV) solicit\u00f3 al Gobierno Federal recursos por alrededor de 240 millones de pesos para hacer frente al incremento al salario m\u00ednimo y sus efectos en la homologaci\u00f3n salarial, inform\u00f3 el rector de la instituci\u00f3n, Mart\u00edn Gerardo Aguilar S\u00e1nchez, quien aclar\u00f3 que la Universidad envi\u00f3 dos oficios a la Federaci\u00f3n y no \u00fanicamente uno por 80 millones de pesos, como se hab\u00eda se\u00f1alado.<\/p>\n<p>Entrevistado previo a su informe de labores, el rector explic\u00f3 que inicialmente se realiz\u00f3 una solicitud por los 240 millones de pesos, correspondientes al impacto del incremento al salario m\u00ednimo, y posteriormente se envi\u00f3 un segundo oficio en el que se plantearon los recursos considerados prioritarios para atender las necesidades m\u00e1s inmediatas de la instituci\u00f3n.<\/p>\n<p>\u201cNosotros mandamos un primer oficio por esa cantidad, los 240, que es para el incremento del m\u00ednimo en general. Y despu\u00e9s mandamos otro oficio donde ve\u00edamos cu\u00e1les eran los recursos prioritarios ahorita para ir resolviendo la tem\u00e1tica\u201d, explic\u00f3.<\/p>\n<p>Aguilar S\u00e1nchez se\u00f1al\u00f3 que ambas solicitudes se encuentran en espera de respuesta por parte de la Federaci\u00f3n, por lo que confi\u00f3 en que exista una respuesta favorable a la brevedad.<\/p>\n<p>Respecto a la homologaci\u00f3n salarial, indic\u00f3 que la UV ya realiz\u00f3 el ajuste correspondiente, pero actualmente trabaja en la planeaci\u00f3n presupuestal para evitar dificultades durante el pr\u00f3ximo a\u00f1o, particularmente ante la falta de incrementos suficientes al salario m\u00ednimo para las universidades p\u00fablicas.<\/p>\n<p>\u201cEstamos previniendo todo lo que viene hacia el siguiente a\u00f1o. Hemos estado ajustando nuestro presupuesto y sobre ese mismo presupuesto hemos hecho la homologaci\u00f3n\u201d, detall\u00f3.<\/p>\n<p>El rector adelant\u00f3 que su informe de labores se llevar\u00e1 a cabo el pr\u00f3ximo 11 de septiembre por la tarde, donde dar\u00e1 a conocer los principales resultados de su administraci\u00f3n.<\/p>\n<p style=\"text-align: center;\"><strong>UV dialoga con estudiantes de Medicina<\/strong><\/p>\n<p>Sobre la manifestaci\u00f3n realizada recientemente por estudiantes de la Facultad de Medicina, Aguilar S\u00e1nchez inform\u00f3 que la Universidad mantiene di\u00e1logo con los alumnos para conocer con precisi\u00f3n sus inconformidades.<\/p>\n<p>Explic\u00f3 que uno de los temas se\u00f1alados est\u00e1 relacionado con los recursos del programa PROMEJORAS, aunque asegur\u00f3 que en los comit\u00e9s encargados de administrar estos recursos existe representaci\u00f3n tanto estudiantil como acad\u00e9mica.<\/p>\n<p>Precis\u00f3 que el uso de los recursos queda asentado en actas y que se realizan informes peri\u00f3dicos sobre su aplicaci\u00f3n, por lo que se analiza cu\u00e1l es realmente la preocupaci\u00f3n de los estudiantes.<\/p>\n<p>Tambi\u00e9n se refiri\u00f3 a la solicitud de destituci\u00f3n del director de la Facultad, al se\u00f1alar que hasta el momento la Universidad no cuenta con elementos suficientes para determinar las causas de esta petici\u00f3n.<\/p>\n<p>Entre las inconformidades expuestas por los estudiantes se encuentra la distribuci\u00f3n de horarios y de cargas acad\u00e9micas entre los profesores, situaci\u00f3n que, dijo, est\u00e1 siendo revisada.<\/p>\n<p>\u201cSe est\u00e1 investigando\u201d, afirm\u00f3 el rector.<\/p>\n<p style=\"text-align: center;\"><strong>Analiza UV ampliar su presencia en las Altas Monta\u00f1as<\/strong><\/p>\n<p>Por otra parte, inform\u00f3 que habitantes de distintas comunidades de la regi\u00f3n de las Altas Monta\u00f1as, entre ellas Soledad Atzompa, han planteado a la Universidad Veracruzana la creaci\u00f3n de una extensi\u00f3n universitaria en esa zona.<\/p>\n<p>Aguilar S\u00e1nchez explic\u00f3 que actualmente la UV cuenta con presencia a trav\u00e9s de la Universidad Veracruzana Intercultural (UVI), aunque reconoci\u00f3 que su cobertura geogr\u00e1fica no alcanza a todas las comunidades que han solicitado atenci\u00f3n.<\/p>\n<p>Ante esta situaci\u00f3n, la Universidad plante\u00f3 inicialmente la posibilidad de establecer una extensi\u00f3n cultural bajo un modelo h\u00edbrido, digital y semipresencial, con el objetivo de comenzar a atender a la poblaci\u00f3n de manera inmediata.<\/p>\n<p>Los habitantes de la regi\u00f3n, sin embargo, han planteado que la atenci\u00f3n sea presencial. El rector indic\u00f3 que la UV no descarta esta posibilidad, aunque tendr\u00eda que implementarse de manera gradual.<\/p>\n<p>\u201cS\u00ed podemos llegar a ser presencial, pero tiene que ser gradual en este momento\u201d, explic\u00f3.<\/p>\n<p style=\"text-align: center;\"><strong>Esperan avances en investigaci\u00f3n por muerte de estudiantes de Psicolog\u00eda<\/strong><\/p>\n<p>En otro tema, el rector inform\u00f3 que la Universidad Veracruzana ha solicitado a la Fiscal\u00eda General del Estado (FGE) informaci\u00f3n sobre las investigaciones relacionadas con la muerte de dos estudiantes de la Facultad de Psicolog\u00eda.<\/p>\n<p>Record\u00f3 que la instituci\u00f3n emiti\u00f3 un posicionamiento p\u00fablico desde el inicio y que la gobernadora Roc\u00edo Nahle Garc\u00eda tambi\u00e9n se\u00f1al\u00f3 p\u00fablicamente que se encontraba en marcha una investigaci\u00f3n.<\/p>\n<p>Aguilar S\u00e1nchez indic\u00f3 que la Universidad est\u00e1 a la espera de informaci\u00f3n oficial por parte de la Fiscal\u00eda y que, una vez transcurrido un tiempo prudente, podr\u00eda realizar nuevamente la solicitud de informaci\u00f3n.<\/p>\n<p>Cuestionado sobre la posibilidad de que una de las l\u00edneas de investigaci\u00f3n apunte a un suicidio, el rector sostuvo que primero debe conocerse la versi\u00f3n oficial de las autoridades para evitar interpretaciones.<\/p>\n<p>\u201cNo queremos terminar con interpretaciones; tenemos que tener la respuesta oficial de la Fiscal\u00eda\u201d, manifest\u00f3.<\/p>\n<p style=\"text-align: center;\"><strong>Refuerza UV programas de salud mental<\/strong><\/p>\n<p>Ante este tipo de situaciones, asegur\u00f3 que la Universidad Veracruzana mantiene programas de atenci\u00f3n y prevenci\u00f3n de problemas de salud mental entre su comunidad.<\/p>\n<p>Explic\u00f3 que, a trav\u00e9s del CENDIU y otros espacios universitarios, se han desarrollado acciones de prevenci\u00f3n, adem\u00e1s de grupos de ayuda mutua y atenci\u00f3n psicol\u00f3gica para estudiantes que lo requieran.<\/p>\n<p>El rector reconoci\u00f3 que las afectaciones en materia de salud mental se incrementaron de manera importante despu\u00e9s de la pandemia de COVID-19, no solamente entre estudiantes, sino en la poblaci\u00f3n en general.<\/p>\n<p>Se\u00f1al\u00f3 que la UV cuenta con espacios denominados \u201cUniversidad Centinela\u201d, mediante los cuales busca fortalecer la prevenci\u00f3n y atenci\u00f3n de estos problemas.<\/p>\n<p style=\"text-align: center;\"><strong>UV prepara proyecto de presupuesto para 2027<\/strong><\/p>\n<p>Finalmente, Aguilar S\u00e1nchez inform\u00f3 que la Universidad Veracruzana ya trabaja en la elaboraci\u00f3n de su proyecto de presupuesto para el pr\u00f3ximo a\u00f1o, el cual deber\u00e1 ser entregado durante la primera semana de octubre.<\/p>\n<p>Indic\u00f3 que en aproximadamente una semana podr\u00eda estar definida la propuesta presupuestal de la instituci\u00f3n, aunque por el momento no quiso adelantar el monto que solicitar\u00e1n.<\/p>\n<p>El rector se\u00f1al\u00f3 que la Universidad continuar\u00e1 planteando el cumplimiento del 4 por ciento del presupuesto estatal, establecido en la Constituci\u00f3n de Veracruz, aunque descart\u00f3 que la instituci\u00f3n simplemente se conforme con los recursos que le sean asignados.<\/p>\n<p>Afirm\u00f3 que la estrategia de la UV consiste en mantener abiertos los canales de di\u00e1logo tanto con el Gobierno Federal como con el Estatal, adem\u00e1s de fortalecer la transparencia y la rendici\u00f3n de cuentas sobre el uso de los recursos p\u00fablicos.<\/p>\n<p>\u201cNo nos conformamos. Lo que hacemos es buscar distintos canales y priorizamos el di\u00e1logo tanto con el gobierno federal como con el gobierno estatal\u201d, concluy\u00f3.<\/p>\n","protected":false},"excerpt":{"rendered":"<p>Dar\u00edo Pale Xalapa, Ver.- La Universidad Veracruzana (UV) solicit\u00f3 al Gobierno Federal recursos por alrededor de 240 millones de pesos para hacer frente al incremento al salario m\u00ednimo y sus efectos en la homologaci\u00f3n salarial, inform\u00f3 el rector de la instituci\u00f3n, Mart\u00edn Gerardo Aguilar S\u00e1nchez, quien aclar\u00f3 que la Universidad envi\u00f3 dos oficios a la [&hellip;]<\/p>\n","protected":false},"author":2476,"featured_media":78759,"comment_status":"open","ping_status":"open","sticky":false,"template":"","format":"standard","meta":{"_jetpack_memberships_contains_paid_content":false,"footnotes":""},"categories":[2],"tags":[],"class_list":["post-78758","post","type-post","status-publish","format-standard","has-post-thumbnail","hentry","category-estado"],"jetpack_featured_media_url":"https:\/\/encuentroinformativo.com.mx\/wp-content\/uploads\/2026\/09\/IMG-20260902-WA01682.jpg","jetpack_sharing_enabled":true,"jetpack_likes_enabled":true,"amp_enabled":true,"_links":{"self":[{"href":"https:\/\/encuentroinformativo.com.mx\/index.php?rest_route=\/wp\/v2\/posts\/78758","targetHints":{"allow":["GET"]}}],"collection":[{"href":"https:\/\/encuentroinformativo.com.mx\/index.php?rest_route=\/wp\/v2\/posts"}],"about":[{"href":"https:\/\/encuentroinformativo.com.mx\/index.php?rest_route=\/wp\/v2\/types\/post"}],"author":[{"embeddable":true,"href":"https:\/\/encuentroinformativo.com.mx\/index.php?rest_route=\/wp\/v2\/users\/2476"}],"replies":[{"embeddable":true,"href":"https:\/\/encuentroinformativo.com.mx\/index.php?rest_route=%2Fwp%2Fv2%2Fcomments&post=78758"}],"version-history":[{"count":1,"href":"https:\/\/encuentroinformativo.com.mx\/index.php?rest_route=\/wp\/v2\/posts\/78758\/revisions"}],"predecessor-version":[{"id":78760,"href":"https:\/\/encuentroinformativo.com.mx\/index.php?rest_route=\/wp\/v2\/posts\/78758\/revisions\/78760"}],"wp:featuredmedia":[{"embeddable":true,"href":"https:\/\/encuentroinformativo.com.mx\/index.php?rest_route=\/wp\/v2\/media\/78759"}],"wp:attachment":[{"href":"https:\/\/encuentroinformativo.com.mx\/index.php?rest_route=%2Fwp%2Fv2%2Fmedia&parent=78758"}],"wp:term":[{"taxonomy":"category","embeddable":true,"href":"https:\/\/encuentroinformativo.com.mx\/index.php?rest_route=%2Fwp%2Fv2%2Fcategories&post=78758"},{"taxonomy":"post_tag","embeddable":true,"href":"https:\/\/encuentroinformativo.com.mx\/index.php?rest_route=%2Fwp%2Fv2%2Ftags&post=78758"}],"curies":[{"name":"wp","href":"https:\/\/api.w.org\/{rel}","templated":true}]}}