{"id":7876,"date":"2020-11-10T10:45:49","date_gmt":"2020-11-10T16:45:49","guid":{"rendered":"https:\/\/encuentroinformativo.com.mx\/?p=7876"},"modified":"2020-11-10T10:45:51","modified_gmt":"2020-11-10T16:45:51","slug":"por-violencia-mujeres-de-zongolica-piden-ayuda-a-las-autoridades-estatales","status":"publish","type":"post","link":"https:\/\/encuentroinformativo.com.mx\/?p=7876","title":{"rendered":"Por violencia, mujeres de Zongolica piden ayuda a las autoridades estatales"},"content":{"rendered":"\n<p><strong>Dar\u00edo Pale <\/strong><\/p>\n\n\n\n<p>Xalapa, Ver.- La se\u00f1ora Edith Garc\u00eda Zopiyactle originaria de Zongolica solicita la ayuda de las diferentes autoridades ya que la quieren meter a la c\u00e1rcel por separarse de una persona que la maltrata y las autoridades municipales no han apoyado en nada.<\/p>\n\n\n\n<p>Entrevistada en conocido caf\u00e9 del centro de Xalapa, se\u00f1al\u00f3 que esta desesperada y est\u00e1 solicitando la ayuda de las diferentes autoridades ya que sufre violencia de g\u00e9nero en todas sus formas, ya que fue violentada por su ex pareja de nombre Osaai Guerra Fuentes ya que le quit\u00f3 a su hija y la denunci\u00f3 por sustracci\u00f3n de menores.<\/p>\n\n\n\n<p>Por lo anterior enfrenta un proceso donde le dicen que ser\u00e1 juzgada por tres a\u00f1os, su hija no est\u00e1 con ella por lo que solicita la ayuda a todas las instancias ya que nadie la ha apoyada hasta este momento su problema tiene m\u00e1s de dos a\u00f1os &#8220;cuando a m\u00ed me detienen los judiciales entraron a mi casa me sacaron con todo y mi hija, me permitieron un cambio de ropa, uno de ellos me miro cuando me estaba cambiando una de las polic\u00edas saco a mi hija de la maca se la quiso llevar yo lo imped\u00ed me llevaron a la patrulla mi ex pareja tambi\u00e9n estaba ah\u00ed me amenaz\u00f3 que se iba a llevar a mi hija lejos&#8221;.<\/p>\n\n\n\n<p>Ha solicitado el apoyo de las instancias de Zongolica y no la han apoyado, solicit\u00f3 apoyo al DIF, a la casa de la mujer y al enterarse su ex pareja la amenazo que ella no pod\u00eda hacer nada ya que estaba sola y nadie la pod\u00eda ayudar, por lo que no entiende que por alejarse de una persona que es violenta a ella la van a condenar por tres a\u00f1os y le van a quitar a su hija.<\/p>\n\n\n\n<p>Dio a conocer que su ex pareja no tiene ning\u00fan cargo p\u00fablico pero tiene familia en el juzgado y tiene amistades en palacio municipal por lo cual lo apoyan en todo, por lo que la \u00fanica opci\u00f3n que le queda es acudir a la capital del estado ya que nadie lo ha sabido asesorar, y trabaja vendiendo pan casa por casa para poder obtener recursos para pagar a los abogados y la pensi\u00f3n provisional que le impusieron a su ex pareja y solo ha tenido convivencia con su hija solo por video llamada.<\/p>\n\n\n\n<p>Se\u00f1al\u00f3 que en Zongolica la corrupci\u00f3n puede m\u00e1s que otras cosas ya que con dinero se pueden hacer otras cosas, ella ya no cuenta con recursos ha cambiado de abogados ya que ninguno la ha podido asesorar bien, su mam\u00e1 le ha ayudado a trabajar para obtener recursos para pagar todos los gastos.<\/p>\n\n\n\n<p>Por su parte la se\u00f1ora Esther Zopiyactle Arrillaga dio a conocer que el juez de primera instancia no ha entendido que la menor de edad que no se puede defender y ella tiene derechos al igual que su hija ya que ella la quiere meter a la carcel para quedarse con la menor, ya que no entiende si quer\u00eda ser papa soltero y solo utilizo a su hija para tener una hija por lo que solicit\u00f3 el apoyo de las autoridades para que defiendan a su hija.<\/p>\n\n\n\n<p>Finalmente solicit\u00f3 que se compadezcan de su hija y su nieta ya que su abuela paterna no le tiene los cuidados adecuados, y teme por su salud por lo que culpa al pap\u00e1 de la menor de cualquier cosa que a ella le pueda pasar.<\/p>\n","protected":false},"excerpt":{"rendered":"<p>Dar\u00edo Pale Xalapa, Ver.- La se\u00f1ora Edith Garc\u00eda Zopiyactle originaria de Zongolica solicita la ayuda de las diferentes autoridades ya que la quieren meter a la c\u00e1rcel por separarse de una persona que la maltrata y las autoridades municipales no han apoyado en nada. Entrevistada en conocido caf\u00e9 del centro de Xalapa, se\u00f1al\u00f3 que esta [&hellip;]<\/p>\n","protected":false},"author":1,"featured_media":7877,"comment_status":"open","ping_status":"open","sticky":false,"template":"","format":"standard","meta":{"_jetpack_memberships_contains_paid_content":false,"footnotes":""},"categories":[2],"tags":[],"class_list":["post-7876","post","type-post","status-publish","format-standard","has-post-thumbnail","hentry","category-estado"],"jetpack_featured_media_url":"https:\/\/encuentroinformativo.com.mx\/wp-content\/uploads\/2020\/11\/DBEB8AAB-E883-4BC1-BD26-3E9F28D38C88.jpeg","jetpack_sharing_enabled":true,"jetpack_likes_enabled":true,"amp_enabled":true,"_links":{"self":[{"href":"https:\/\/encuentroinformativo.com.mx\/index.php?rest_route=\/wp\/v2\/posts\/7876","targetHints":{"allow":["GET"]}}],"collection":[{"href":"https:\/\/encuentroinformativo.com.mx\/index.php?rest_route=\/wp\/v2\/posts"}],"about":[{"href":"https:\/\/encuentroinformativo.com.mx\/index.php?rest_route=\/wp\/v2\/types\/post"}],"author":[{"embeddable":true,"href":"https:\/\/encuentroinformativo.com.mx\/index.php?rest_route=\/wp\/v2\/users\/1"}],"replies":[{"embeddable":true,"href":"https:\/\/encuentroinformativo.com.mx\/index.php?rest_route=%2Fwp%2Fv2%2Fcomments&post=7876"}],"version-history":[{"count":1,"href":"https:\/\/encuentroinformativo.com.mx\/index.php?rest_route=\/wp\/v2\/posts\/7876\/revisions"}],"predecessor-version":[{"id":7878,"href":"https:\/\/encuentroinformativo.com.mx\/index.php?rest_route=\/wp\/v2\/posts\/7876\/revisions\/7878"}],"wp:featuredmedia":[{"embeddable":true,"href":"https:\/\/encuentroinformativo.com.mx\/index.php?rest_route=\/wp\/v2\/media\/7877"}],"wp:attachment":[{"href":"https:\/\/encuentroinformativo.com.mx\/index.php?rest_route=%2Fwp%2Fv2%2Fmedia&parent=7876"}],"wp:term":[{"taxonomy":"category","embeddable":true,"href":"https:\/\/encuentroinformativo.com.mx\/index.php?rest_route=%2Fwp%2Fv2%2Fcategories&post=7876"},{"taxonomy":"post_tag","embeddable":true,"href":"https:\/\/encuentroinformativo.com.mx\/index.php?rest_route=%2Fwp%2Fv2%2Ftags&post=7876"}],"curies":[{"name":"wp","href":"https:\/\/api.w.org\/{rel}","templated":true}]}}