{"id":78763,"date":"2026-09-03T12:01:03","date_gmt":"2026-09-03T18:01:03","guid":{"rendered":"https:\/\/encuentroinformativo.com.mx\/?p=78763"},"modified":"2026-09-03T12:01:03","modified_gmt":"2026-09-03T18:01:03","slug":"trabajadores-del-imss-bienestar-solicitan-atender-peticiones","status":"publish","type":"post","link":"https:\/\/encuentroinformativo.com.mx\/?p=78763","title":{"rendered":"Trabajadores del IMSS-Bienestar solicitan atender peticiones"},"content":{"rendered":"<p><strong>Dar\u00edo Pale<\/strong><\/p>\n<p>Xalapa, Ver.- Trabajadores del sector salud adscritos al IMSS-Bienestar realizaron una manifestaci\u00f3n en Xalapa para denunciar presuntas violaciones a sus derechos laborales y exigir a las autoridades estatales una soluci\u00f3n a diversas problem\u00e1ticas que afectan a personal de base y eventual.<\/p>\n<p>La movilizaci\u00f3n inici\u00f3 en las inmediaciones del Teatro del Estado y concluy\u00f3 en la plaza Lerdo, donde los trabajadores hicieron un llamado a la poblaci\u00f3n para conocer las condiciones laborales que, afirmaron, enfrentan miles de empleados del sistema de salud en Veracruz.<\/p>\n<p>Claudio Vidal Ameca, delegado general estatal de Fintras en Veracruz, explic\u00f3 que la protesta fue realizada por una peque\u00f1a comitiva con el objetivo de visibilizar las problem\u00e1ticas de los trabajadores y generar respaldo de la sociedad.<\/p>\n<p>Se\u00f1al\u00f3 que los principales afectados son trabajadores de base y eventuales de IMSS-Bienestar, y estim\u00f3 que en Veracruz son m\u00e1s de 4 mil empleados los que enfrentan distintas dificultades laborales.<\/p>\n<p>\u201cEstamos haciendo esta breve manifestaci\u00f3n para generar la visualizaci\u00f3n y para poder generar el apoyo de la poblaci\u00f3n del estado de Veracruz con respecto a todos los trabajadores de la salud\u201d, expuso.<\/p>\n<p>Entre las principales inconformidades, mencion\u00f3 casos de trabajadores a quienes se les suspendi\u00f3 el pago por irregularidades relacionadas con la coordinaci\u00f3n y que llevan m\u00e1s de 10 meses sin recibir su salario.<\/p>\n<p>Tambi\u00e9n denunci\u00f3 retrasos en tr\u00e1mites laborales, como solicitudes de cambio de turno que, dijo, ya fueron autorizadas por autoridades federales del IMSS-Bienestar, pero que no han sido concretadas por la coordinaci\u00f3n estatal.<\/p>\n<p>\u201cEstamos solicitando que se atiendan todas las problem\u00e1ticas de los trabajadores de IMSS-Bienestar en Veracruz, que se respeten todas las circulares y todos los oficios que se han emitido desde el nivel federal hasta el nivel estatal\u201d, afirm\u00f3.<\/p>\n<p>El representante sindical consider\u00f3 que uno de los principales problemas es la falta de comunicaci\u00f3n con la Coordinaci\u00f3n Estatal de Bienestar en Veracruz, pues asegur\u00f3 que anteriormente exist\u00eda un canal de di\u00e1logo que permit\u00eda atender las demandas de los trabajadores, pero que \u00e9ste se perdi\u00f3 durante los \u00faltimos meses.<\/p>\n<p>\u201cSe ha cerrado al di\u00e1logo, se les ha buscado de manera constante por medio de los enlaces que se han establecido para poder tener comunicaci\u00f3n con el sindicato y resolver las problem\u00e1ticas y la verdad es que no responden los mensajes, ignoran los mensajes\u201d, acus\u00f3.<\/p>\n<p>Respecto a las versiones sobre la falta de insumos en hospitales y centros de salud, Vidal Ameca indic\u00f3 que la situaci\u00f3n debe revisarse de manera particular en cada unidad m\u00e9dica, debido a que las necesidades son diferentes.<\/p>\n<p>Sin embargo, reconoci\u00f3 que existen unidades donde las carencias son mayores y se\u00f1al\u00f3 que esta situaci\u00f3n tambi\u00e9n repercute directamente en los trabajadores, debido a que limita las herramientas con las que cuentan para atender a los pacientes.<\/p>\n<p>\u201cTodo eso afecta al trabajador porque delimita el trabajo y el alcance que podemos tener en la mejora de la salud de nuestros pacientes\u201d, sostuvo.<\/p>\n<p>El delegado estatal inform\u00f3 que la movilizaci\u00f3n no ten\u00eda como objetivo principal solicitar en ese momento una reuni\u00f3n directa con la gobernadora, sino hacer visibles las condiciones que enfrentan los trabajadores del sector salud.<\/p>\n<p>No obstante, dio a conocer que se ten\u00eda prevista para las 11:00 horas una mesa de di\u00e1logo en la Coordinaci\u00f3n Estatal, con la participaci\u00f3n de autoridades federales de IMSS-Bienestar y representantes de la coordinaci\u00f3n estatal, adem\u00e1s de integrantes de la organizaci\u00f3n sindical.<\/p>\n<p>Vidal Ameca confi\u00f3 en que este encuentro permita recuperar la comunicaci\u00f3n entre el sindicato y las autoridades, as\u00ed como avanzar en la soluci\u00f3n de las demandas laborales de los trabajadores.<\/p>\n<p>De acuerdo con el representante, en Veracruz son poco m\u00e1s de 4 mil trabajadores de IMSS-Bienestar los que podr\u00edan verse involucrados en las distintas problem\u00e1ticas denunciadas, luego de la transici\u00f3n de alrededor de 3 mil 500 empleados y la incorporaci\u00f3n posterior de personal mediante convocatorias.<\/p>\n","protected":false},"excerpt":{"rendered":"<p>Dar\u00edo Pale Xalapa, Ver.- Trabajadores del sector salud adscritos al IMSS-Bienestar realizaron una manifestaci\u00f3n en Xalapa para denunciar presuntas violaciones a sus derechos laborales y exigir a las autoridades estatales una soluci\u00f3n a diversas problem\u00e1ticas que afectan a personal de base y eventual. La movilizaci\u00f3n inici\u00f3 en las inmediaciones del Teatro del Estado y concluy\u00f3 [&hellip;]<\/p>\n","protected":false},"author":2476,"featured_media":78764,"comment_status":"open","ping_status":"open","sticky":false,"template":"","format":"standard","meta":{"_jetpack_memberships_contains_paid_content":false,"footnotes":""},"categories":[9],"tags":[],"class_list":["post-78763","post","type-post","status-publish","format-standard","has-post-thumbnail","hentry","category-salud"],"jetpack_featured_media_url":"https:\/\/encuentroinformativo.com.mx\/wp-content\/uploads\/2026\/09\/IMG-20260903-WA0061.jpg","jetpack_sharing_enabled":true,"jetpack_likes_enabled":true,"amp_enabled":true,"_links":{"self":[{"href":"https:\/\/encuentroinformativo.com.mx\/index.php?rest_route=\/wp\/v2\/posts\/78763","targetHints":{"allow":["GET"]}}],"collection":[{"href":"https:\/\/encuentroinformativo.com.mx\/index.php?rest_route=\/wp\/v2\/posts"}],"about":[{"href":"https:\/\/encuentroinformativo.com.mx\/index.php?rest_route=\/wp\/v2\/types\/post"}],"author":[{"embeddable":true,"href":"https:\/\/encuentroinformativo.com.mx\/index.php?rest_route=\/wp\/v2\/users\/2476"}],"replies":[{"embeddable":true,"href":"https:\/\/encuentroinformativo.com.mx\/index.php?rest_route=%2Fwp%2Fv2%2Fcomments&post=78763"}],"version-history":[{"count":2,"href":"https:\/\/encuentroinformativo.com.mx\/index.php?rest_route=\/wp\/v2\/posts\/78763\/revisions"}],"predecessor-version":[{"id":78766,"href":"https:\/\/encuentroinformativo.com.mx\/index.php?rest_route=\/wp\/v2\/posts\/78763\/revisions\/78766"}],"wp:featuredmedia":[{"embeddable":true,"href":"https:\/\/encuentroinformativo.com.mx\/index.php?rest_route=\/wp\/v2\/media\/78764"}],"wp:attachment":[{"href":"https:\/\/encuentroinformativo.com.mx\/index.php?rest_route=%2Fwp%2Fv2%2Fmedia&parent=78763"}],"wp:term":[{"taxonomy":"category","embeddable":true,"href":"https:\/\/encuentroinformativo.com.mx\/index.php?rest_route=%2Fwp%2Fv2%2Fcategories&post=78763"},{"taxonomy":"post_tag","embeddable":true,"href":"https:\/\/encuentroinformativo.com.mx\/index.php?rest_route=%2Fwp%2Fv2%2Ftags&post=78763"}],"curies":[{"name":"wp","href":"https:\/\/api.w.org\/{rel}","templated":true}]}}