{"id":78770,"date":"2026-09-03T12:53:45","date_gmt":"2026-09-03T18:53:45","guid":{"rendered":"https:\/\/encuentroinformativo.com.mx\/?p=78770"},"modified":"2026-09-03T12:53:45","modified_gmt":"2026-09-03T18:53:45","slug":"estudiantes-demandan-restitucion-de-profesores-en-agroecologia","status":"publish","type":"post","link":"https:\/\/encuentroinformativo.com.mx\/?p=78770","title":{"rendered":"Estudiantes demandan restituci\u00f3n de profesores en Agroecolog\u00eda"},"content":{"rendered":"<p><strong>Dar\u00edo Pale<\/strong><\/p>\n<p>Xalapa, Ver.- Estudiantes de la Licenciatura en Agroecolog\u00eda y Soberan\u00eda Alimentaria (LASA) de la Universidad Veracruzana Intercultural (UVI), sede regional Xalapa, bloquearon este jueves la calle Sebasti\u00e1n Camacho, en pleno centro de la capital veracruzana, para exigir la restituci\u00f3n del profesor Humberto Hern\u00e1ndez Eslava, mejores condiciones laborales para los docentes y la contrataci\u00f3n de m\u00e1s especialistas en agroecolog\u00eda.<\/p>\n<p>La movilizaci\u00f3n se realiz\u00f3 mientras representantes estudiantiles sosten\u00edan una mesa de di\u00e1logo con autoridades universitarias para buscar una soluci\u00f3n al conflicto, luego de que los alumnos fueran informados sobre la salida del acad\u00e9mico.<\/p>\n<p>Los estudiantes advirtieron que, de no alcanzarse un acuerdo satisfactorio, podr\u00edan tomar las instalaciones de la UVI por tiempo indefinido.<\/p>\n<p>En la fachada del inmueble fue colocada una lona con la fotograf\u00eda de Hern\u00e1ndez Eslava y las consignas: \u201c\u00a1Sin docentes agroec\u00f3logos, la agroecolog\u00eda no existe!\u201d, \u201cTransparencia y restituci\u00f3n del docente Humberto Hern\u00e1ndez Eslava\u201d y \u201c\u00a1LASA existe y resiste!\u201d.<\/p>\n<p style=\"text-align: center;\"><strong>Exigen restituci\u00f3n de profesor especializado<\/strong><\/p>\n<p>Delirio Hern\u00e1ndez, estudiante de LASA, explic\u00f3 que la inconformidad se intensific\u00f3 desde el pasado lunes, cuando la comunidad estudiantil fue informada de que Humberto Hern\u00e1ndez Eslava dejar\u00eda de formar parte de la instituci\u00f3n.<\/p>\n<p>De acuerdo con los estudiantes, el acad\u00e9mico es actualmente el \u00fanico docente de la sede regional que cuenta con formaci\u00f3n y credenciales especializadas directamente en agroecolog\u00eda.<\/p>\n<p>Por ello, se\u00f1alaron que su exigencia no se limita a defender la permanencia de un profesor, sino que responde a la preocupaci\u00f3n por las consecuencias acad\u00e9micas que tendr\u00eda su salida para los estudiantes de la licenciatura.<\/p>\n<p>\u201cEstamos aqu\u00ed como estudiantes acuerpando el proceso, no solo del profesor, sino para pedir tambi\u00e9n m\u00e1s docentes que est\u00e9n especializados en esta \u00e1rea\u201d, se\u00f1alaron.<\/p>\n<p>Los j\u00f3venes consideraron indispensable contar con una plantilla acad\u00e9mica suficiente y especializada para garantizar la ense\u00f1anza, investigaci\u00f3n, elaboraci\u00f3n de tesis y evaluaci\u00f3n de los trabajos relacionados con la agroecolog\u00eda.<\/p>\n<p style=\"text-align: center;\"><strong>Denuncian propuesta de 40 pesos por hora<\/strong><\/p>\n<p>Durante las negociaciones con las autoridades universitarias, los estudiantes fueron informados de la posibilidad de que Hern\u00e1ndez Eslava pudiera recibir nuevamente un contrato.<\/p>\n<p>Sin embargo, denunciaron que una de las propuestas planteadas contempla una contrataci\u00f3n por horas con un pago de aproximadamente 40 pesos por hora, situaci\u00f3n que calificaron como insuficiente.<\/p>\n<p>\u201cAl parecer s\u00ed se le puede dar un contrato, pero estamos en negociaciones porque si es por horas, solo se le quiere pagar 40 pesos por hora; o sea, es un salario que no alcanza para nada\u201d, expuso Delirio Hern\u00e1ndez.<\/p>\n<p>Los alumnos se\u00f1alaron que el conflicto tambi\u00e9n permiti\u00f3 visibilizar las condiciones laborales que enfrentan algunos docentes de la instituci\u00f3n y cuestionaron si el eventual contrato contemplar\u00eda prestaciones laborales.<\/p>\n<p>\u201cNos lleva a reflexionar como estudiantes si solo se le dar\u00e1 un contrato por horas o realmente se le van a dar todas las prestaciones establecidas en la ley\u201d, sostuvo la estudiante.<\/p>\n<p style=\"text-align: center;\"><strong>Cerca de 100 alumnos ser\u00edan afectados<\/strong><\/p>\n<p>Los estudiantes estimaron que alrededor de 100 alumnos, pertenecientes a cinco generaciones de la licenciatura, podr\u00edan verse afectados por la salida del profesor, debido a su participaci\u00f3n en distintas materias y actividades acad\u00e9micas.<\/p>\n<p>Entre las \u00e1reas en las que participa se encuentran asignaturas relacionadas con el manejo sustentable y la conservaci\u00f3n de suelos, adem\u00e1s de procesos de recepci\u00f3n, evaluaci\u00f3n y acompa\u00f1amiento de trabajos acad\u00e9micos.<\/p>\n<p>Los inconformes cuestionaron c\u00f3mo puede garantizarse una formaci\u00f3n especializada en agroecolog\u00eda si la plantilla docente no cuenta con suficientes acad\u00e9micos formados espec\u00edficamente en esta disciplina.<\/p>\n<p>Reconocieron que la carrera tiene un car\u00e1cter multidisciplinario y cuenta con profesores provenientes de \u00e1reas como qu\u00edmica, geograf\u00eda y antropolog\u00eda, pero insistieron en que es necesario contar tambi\u00e9n con especialistas cuya formaci\u00f3n est\u00e9 directamente vinculada con la agroecolog\u00eda.<\/p>\n<p>\u201c\u00bfC\u00f3mo vamos a aprender agroecolog\u00eda si no hay agroec\u00f3logos en la Facultad?\u201d, cuestionaron.<\/p>\n<p>Hern\u00e1ndez Eslava, a\u00f1adieron, anteriormente se desempe\u00f1\u00f3 como coordinador de la sede regional y posteriormente continu\u00f3 sus actividades como docente.<\/p>\n<p>Piden contratar m\u00e1s especialistas<br \/>\nLos estudiantes enfatizaron que su protesta va m\u00e1s all\u00e1 de la restituci\u00f3n del acad\u00e9mico.<\/p>\n<p>Entre sus principales demandas se encuentra el fortalecimiento de la plantilla docente mediante la contrataci\u00f3n de m\u00e1s profesores especializados en agroecolog\u00eda.<\/p>\n<p>Aseguraron que esto permitir\u00eda garantizar la continuidad y calidad del programa educativo, as\u00ed como atender adecuadamente las necesidades acad\u00e9micas de las diferentes generaciones.<\/p>\n<p>Tambi\u00e9n solicitaron que se establezcan condiciones laborales dignas para los docentes y que exista claridad y transparencia en los procesos de contrataci\u00f3n.<\/p>\n<p style=\"text-align: center;\"><strong>Se\u00f1alan falta de coordinaci\u00f3n e infraestructura<\/strong><\/p>\n<p>Durante la mesa de negociaci\u00f3n, los universitarios expusieron adem\u00e1s otras problem\u00e1ticas que, aseguran, enfrenta actualmente la Licenciatura en Agroecolog\u00eda y Soberan\u00eda Alimentaria.<\/p>\n<p>Entre ellas mencionaron la falta de una coordinaci\u00f3n, por lo que consideraron necesario designar a una persona responsable de dar seguimiento a los asuntos administrativos y acad\u00e9micos del programa.<\/p>\n<p>Asimismo, demandaron mejoras en la infraestructura de las instalaciones de la Universidad Veracruzana Intercultural.<\/p>\n<p>Los estudiantes sostuvieron que las deficiencias en materia administrativa, laboral y de infraestructura terminan repercutiendo directamente en su formaci\u00f3n y en su derecho a recibir educaci\u00f3n superior en condiciones adecuadas.<\/p>\n<p style=\"text-align: center;\"><strong>Advierten toma indefinida de instalaciones<\/strong><\/p>\n<p>Los alumnos dejaron abierta la posibilidad de intensificar las movilizaciones si las autoridades universitarias no presentan una propuesta que satisfaga sus demandas.<\/p>\n<p>Delirio Hern\u00e1ndez explic\u00f3 que la decisi\u00f3n de tomar las instalaciones depender\u00e1, entre otros factores, de las condiciones que se ofrezcan al profesor y de si \u00e9stas resultan adecuadas para el propio acad\u00e9mico.<\/p>\n<p>\u201cSi es efectivo para el profesor, no se toman las instalaciones. Si todav\u00eda no es lo que queremos, vamos a tomarlas\u201d, manifest\u00f3.<\/p>\n<p>Los estudiantes se\u00f1alaron que, en caso de no alcanzarse un acuerdo, la ocupaci\u00f3n de las instalaciones ser\u00eda por tiempo indefinido.<\/p>\n<p style=\"text-align: center;\"><strong>Suspenden actividades y mantienen mesa de di\u00e1logo<\/strong><\/p>\n<p>Este jueves los estudiantes ten\u00edan programadas actividades acad\u00e9micas y tutor\u00edas desde aproximadamente las 9:00 horas; sin embargo, decidieron concentrarse en la protesta y mantenerse atentos al desarrollo de las negociaciones.<\/p>\n<p>Desde esa hora, representantes de las diferentes generaciones comenzaron el di\u00e1logo con autoridades de la Universidad Veracruzana Intercultural.<\/p>\n<p>En la mesa participaron representantes estudiantiles, la consejera alumna y autoridades universitarias. Los j\u00f3venes identificaron a la doctora Daisy Bernal como directora general de las cinco sedes de la UVI y una de las funcionarias involucradas en la atenci\u00f3n de sus demandas.<\/p>\n<p>Aunque se logr\u00f3 establecer una mesa de di\u00e1logo, los estudiantes se\u00f1alaron que las primeras propuestas no satisfac\u00edan completamente sus peticiones, principalmente en lo referente al tipo de contrataci\u00f3n y remuneraci\u00f3n del docente.<\/p>\n<p>Recuerdan protesta de 2023<br \/>\nLos estudiantes se\u00f1alaron que \u00e9sta no es la primera ocasi\u00f3n en que la comunidad de LASA se moviliza para defender la continuidad de la licenciatura.<\/p>\n<p>Recordaron que en 2023 tomaron las instalaciones de la Universidad Veracruzana Intercultural debido al temor de que el programa educativo fuera cerrado.<\/p>\n<p>Ese antecedente, afirmaron, fortaleci\u00f3 la organizaci\u00f3n estudiantil y explica que actualmente contemplen nuevamente la ocupaci\u00f3n del inmueble como medida de presi\u00f3n.<\/p>\n<p>\u201cYa lo hab\u00edamos hecho con anterioridad en 2023, cuando quisieron cerrar esta licenciatura. Entonces tampoco es la primera vez que tomamos las instalaciones\u201d, record\u00f3 Delirio Hern\u00e1ndez.<\/p>\n<p style=\"text-align: center;\"><strong>Bloqueo en el centro de Xalapa<\/strong><\/p>\n<p>Ante la falta de una soluci\u00f3n definitiva, los estudiantes trasladaron su protesta a la v\u00eda p\u00fablica y bloquearon la calle Sebasti\u00e1n Camacho, en el centro de Xalapa, con el objetivo de hacer visibles sus demandas y presionar a las autoridades universitarias para alcanzar una respuesta.<\/p>\n<p>La principal exigencia qued\u00f3 plasmada en la lona colocada en la fachada del inmueble: \u201cTransparencia y restituci\u00f3n del docente Humberto Hern\u00e1ndez Eslava\u201d.<\/p>\n<p>Mientras continuaban las negociaciones, los estudiantes mantuvieron como condici\u00f3n que la propuesta de contrataci\u00f3n sea satisfactoria para el acad\u00e9mico y permita garantizar la continuidad de la formaci\u00f3n especializada de los alumnos.<\/p>\n<p>De no alcanzarse un acuerdo, advirtieron que podr\u00edan tomar de manera indefinida las instalaciones de la Universidad Veracruzana Intercultural y continuar con las movilizaciones.<\/p>\n<p>La protesta qued\u00f3 resumida en la consigna colocada en la fachada: \u201c\u00a1Sin docentes agroec\u00f3logos, la agroecolog\u00eda no existe! \u00a1LASA existe y resiste!\u201d.<\/p>\n","protected":false},"excerpt":{"rendered":"<p>Dar\u00edo Pale Xalapa, Ver.- Estudiantes de la Licenciatura en Agroecolog\u00eda y Soberan\u00eda Alimentaria (LASA) de la Universidad Veracruzana Intercultural (UVI), sede regional Xalapa, bloquearon este jueves la calle Sebasti\u00e1n Camacho, en pleno centro de la capital veracruzana, para exigir la restituci\u00f3n del profesor Humberto Hern\u00e1ndez Eslava, mejores condiciones laborales para los docentes y la contrataci\u00f3n [&hellip;]<\/p>\n","protected":false},"author":2476,"featured_media":78771,"comment_status":"open","ping_status":"open","sticky":false,"template":"","format":"standard","meta":{"_jetpack_memberships_contains_paid_content":false,"footnotes":""},"categories":[3],"tags":[],"class_list":["post-78770","post","type-post","status-publish","format-standard","has-post-thumbnail","hentry","category-xalapa"],"jetpack_featured_media_url":"https:\/\/encuentroinformativo.com.mx\/wp-content\/uploads\/2026\/09\/IMG-20260903-WA0183.jpg","jetpack_sharing_enabled":true,"jetpack_likes_enabled":true,"amp_enabled":true,"_links":{"self":[{"href":"https:\/\/encuentroinformativo.com.mx\/index.php?rest_route=\/wp\/v2\/posts\/78770","targetHints":{"allow":["GET"]}}],"collection":[{"href":"https:\/\/encuentroinformativo.com.mx\/index.php?rest_route=\/wp\/v2\/posts"}],"about":[{"href":"https:\/\/encuentroinformativo.com.mx\/index.php?rest_route=\/wp\/v2\/types\/post"}],"author":[{"embeddable":true,"href":"https:\/\/encuentroinformativo.com.mx\/index.php?rest_route=\/wp\/v2\/users\/2476"}],"replies":[{"embeddable":true,"href":"https:\/\/encuentroinformativo.com.mx\/index.php?rest_route=%2Fwp%2Fv2%2Fcomments&post=78770"}],"version-history":[{"count":1,"href":"https:\/\/encuentroinformativo.com.mx\/index.php?rest_route=\/wp\/v2\/posts\/78770\/revisions"}],"predecessor-version":[{"id":78772,"href":"https:\/\/encuentroinformativo.com.mx\/index.php?rest_route=\/wp\/v2\/posts\/78770\/revisions\/78772"}],"wp:featuredmedia":[{"embeddable":true,"href":"https:\/\/encuentroinformativo.com.mx\/index.php?rest_route=\/wp\/v2\/media\/78771"}],"wp:attachment":[{"href":"https:\/\/encuentroinformativo.com.mx\/index.php?rest_route=%2Fwp%2Fv2%2Fmedia&parent=78770"}],"wp:term":[{"taxonomy":"category","embeddable":true,"href":"https:\/\/encuentroinformativo.com.mx\/index.php?rest_route=%2Fwp%2Fv2%2Fcategories&post=78770"},{"taxonomy":"post_tag","embeddable":true,"href":"https:\/\/encuentroinformativo.com.mx\/index.php?rest_route=%2Fwp%2Fv2%2Ftags&post=78770"}],"curies":[{"name":"wp","href":"https:\/\/api.w.org\/{rel}","templated":true}]}}