{"id":78773,"date":"2026-09-03T13:10:17","date_gmt":"2026-09-03T19:10:17","guid":{"rendered":"https:\/\/encuentroinformativo.com.mx\/?p=78773"},"modified":"2026-09-03T13:10:17","modified_gmt":"2026-09-03T19:10:17","slug":"joven-es-herida-a-balazos-tras-presunta-persecucion-en-el-fraccionamiento-de-veracruz","status":"publish","type":"post","link":"https:\/\/encuentroinformativo.com.mx\/?p=78773","title":{"rendered":"Joven es herida a balazos tras presunta persecuci\u00f3n en el fraccionamiento de Veracruz"},"content":{"rendered":"<p><strong>Alejandro \u00c1vila<\/strong><\/p>\n<p>Veracruz, Ver.- Una adolescente de entre 17 y 18 a\u00f1os result\u00f3 lesionada la ma\u00f1ana de este jueves tras ser atacada a balazos en la v\u00eda p\u00fablica, en el fraccionamiento Buena Vista, al norte de la ciudad de Veracruz.<\/p>\n<p>\u200bLa agresi\u00f3n se registr\u00f3 sobre la calle Sector Popular, casi esquina con Murillo, justo a un costado de la escuela primaria Heroica Veracruz. De acuerdo con los primeros testimonios recabados entre los vecinos, la v\u00edctima era perseguida por sujetos armados momentos antes de escuchar entre cuatro y cinco detonaciones que alarmaron a la zona.<\/p>\n<p>\u200bTras el reporte de emergencia, param\u00e9dicos acudieron al sitio para brindarle los primeros auxilios a la joven, quien posteriormente fue canalizada en ambulancia a un centro hospitalario. Hasta el momento, las autoridades no han dado a conocer un parte oficial sobre la gravedad de sus heridas.<\/p>\n<p>\u200bEl incidente gener\u00f3 momentos de tensi\u00f3n debido a la cercan\u00eda con el plantel escolar. Varios padres de familia se trasladaron de inmediato al lugar para cerciorarse de la seguridad de sus hijos; no obstante, las autoridades confirmaron que el ataque ocurri\u00f3 totalmente en la v\u00eda p\u00fablica y las actividades dentro de la escuela transcurrieron sin que se reportaran afectaciones o incidentes al interior.<\/p>\n<p>\u200bElementos de la Polic\u00eda Estatal desplegaron un operativo de seguridad y acordonaron el per\u00edmetro, donde quedaron esparcidos diversos casquillos percutidos que ya forman parte de la carpeta de investigaci\u00f3n ministerial. Hasta el momento, las corporaciones de seguridad no han reportado personas detenidas por estos hechos ni se ha esclarecido el m\u00f3vil detr\u00e1s de la agresi\u00f3n armada.<\/p>\n","protected":false},"excerpt":{"rendered":"<p>Alejandro \u00c1vila Veracruz, Ver.- Una adolescente de entre 17 y 18 a\u00f1os result\u00f3 lesionada la ma\u00f1ana de este jueves tras ser atacada a balazos en la v\u00eda p\u00fablica, en el fraccionamiento Buena Vista, al norte de la ciudad de Veracruz. \u200bLa agresi\u00f3n se registr\u00f3 sobre la calle Sector Popular, casi esquina con Murillo, justo a [&hellip;]<\/p>\n","protected":false},"author":2476,"featured_media":78774,"comment_status":"open","ping_status":"open","sticky":false,"template":"","format":"standard","meta":{"_jetpack_memberships_contains_paid_content":false,"footnotes":""},"categories":[14],"tags":[],"class_list":["post-78773","post","type-post","status-publish","format-standard","has-post-thumbnail","hentry","category-policiaca"],"jetpack_featured_media_url":"https:\/\/encuentroinformativo.com.mx\/wp-content\/uploads\/2026\/09\/IMG-20260903-WA0114-scaled.jpg","jetpack_sharing_enabled":true,"jetpack_likes_enabled":true,"amp_enabled":true,"_links":{"self":[{"href":"https:\/\/encuentroinformativo.com.mx\/index.php?rest_route=\/wp\/v2\/posts\/78773","targetHints":{"allow":["GET"]}}],"collection":[{"href":"https:\/\/encuentroinformativo.com.mx\/index.php?rest_route=\/wp\/v2\/posts"}],"about":[{"href":"https:\/\/encuentroinformativo.com.mx\/index.php?rest_route=\/wp\/v2\/types\/post"}],"author":[{"embeddable":true,"href":"https:\/\/encuentroinformativo.com.mx\/index.php?rest_route=\/wp\/v2\/users\/2476"}],"replies":[{"embeddable":true,"href":"https:\/\/encuentroinformativo.com.mx\/index.php?rest_route=%2Fwp%2Fv2%2Fcomments&post=78773"}],"version-history":[{"count":1,"href":"https:\/\/encuentroinformativo.com.mx\/index.php?rest_route=\/wp\/v2\/posts\/78773\/revisions"}],"predecessor-version":[{"id":78775,"href":"https:\/\/encuentroinformativo.com.mx\/index.php?rest_route=\/wp\/v2\/posts\/78773\/revisions\/78775"}],"wp:featuredmedia":[{"embeddable":true,"href":"https:\/\/encuentroinformativo.com.mx\/index.php?rest_route=\/wp\/v2\/media\/78774"}],"wp:attachment":[{"href":"https:\/\/encuentroinformativo.com.mx\/index.php?rest_route=%2Fwp%2Fv2%2Fmedia&parent=78773"}],"wp:term":[{"taxonomy":"category","embeddable":true,"href":"https:\/\/encuentroinformativo.com.mx\/index.php?rest_route=%2Fwp%2Fv2%2Fcategories&post=78773"},{"taxonomy":"post_tag","embeddable":true,"href":"https:\/\/encuentroinformativo.com.mx\/index.php?rest_route=%2Fwp%2Fv2%2Ftags&post=78773"}],"curies":[{"name":"wp","href":"https:\/\/api.w.org\/{rel}","templated":true}]}}