{"id":78779,"date":"2026-09-03T13:58:37","date_gmt":"2026-09-03T19:58:37","guid":{"rendered":"https:\/\/encuentroinformativo.com.mx\/?p=78779"},"modified":"2026-09-03T13:58:37","modified_gmt":"2026-09-03T19:58:37","slug":"mi-sueldo-es-acorde-al-tabulador-afirma-rectora-del-colver","status":"publish","type":"post","link":"https:\/\/encuentroinformativo.com.mx\/?p=78779","title":{"rendered":"Mi sueldo es acorde al tabulador, afirma rectora del COLVER"},"content":{"rendered":"<p><strong>Dar\u00edo Pale<\/strong><\/p>\n<p>Xalapa, Ver.- La rectora del Colegio de Veracruz (COLVER), Erandi Isabel L\u00f3pez Herrera, rechaz\u00f3 que perciba un salario superior al de la gobernadora del estado, luego de la pol\u00e9mica generada por informaci\u00f3n difundida a trav\u00e9s del sistema de transparencia.<\/p>\n<p>Cuestionada sobre los se\u00f1alamientos respecto a que su remuneraci\u00f3n ser\u00eda mayor a la de la titular del Poder Ejecutivo estatal, la rectora explic\u00f3 que la informaci\u00f3n publicada corresponde a los datos que la propia instituci\u00f3n proporciona a trav\u00e9s de su Unidad de Transparencia.<\/p>\n<p>L\u00f3pez Herrera aclar\u00f3 que su salario se encuentra establecido conforme al tabulador estatal de sueldos y al nivel que le corresponde dentro de la estructura del Colegio de Veracruz.<\/p>\n<p>\u201cYo gano de acuerdo al tabulador estatal, de sueldos estatales, de acuerdo a mi nivel\u201d, afirm\u00f3.<\/p>\n<p>La funcionaria se\u00f1al\u00f3 que los datos que aparecen en los documentos p\u00fablicos son reportados por la Unidad de Transparencia del COLVER al sistema correspondiente, por lo que consider\u00f3 necesario aclarar cualquier diferencia o interpretaci\u00f3n que se haya generado a partir de dicha informaci\u00f3n.<\/p>\n<p>\u201cEs un dato que sale de la propia instituci\u00f3n, de la Unidad de Transparencia\u201d, indic\u00f3.<\/p>\n<p>Ante la insistencia sobre el hecho de que se trata de informaci\u00f3n p\u00fablica y que el documento proviene del propio COLVER, la rectora reiter\u00f3 que su percepci\u00f3n salarial est\u00e1 determinada por el tabulador estatal y no por una cantidad fijada de manera discrecional.<\/p>\n<p>La pol\u00e9mica surgi\u00f3 luego de que informaci\u00f3n disponible en materia de transparencia fuera interpretada como evidencia de que la titular del COLVER tendr\u00eda una remuneraci\u00f3n superior a la de la gobernadora de Veracruz, situaci\u00f3n que la rectora neg\u00f3 al explicar el origen y fundamento de su salario.<\/p>\n<p>L\u00f3pez Herrera sostuvo que los datos deben revisarse a partir del tabulador correspondiente y del nivel salarial que ocupa dentro del Colegio de Veracruz.<\/p>\n","protected":false},"excerpt":{"rendered":"<p>Dar\u00edo Pale Xalapa, Ver.- La rectora del Colegio de Veracruz (COLVER), Erandi Isabel L\u00f3pez Herrera, rechaz\u00f3 que perciba un salario superior al de la gobernadora del estado, luego de la pol\u00e9mica generada por informaci\u00f3n difundida a trav\u00e9s del sistema de transparencia. Cuestionada sobre los se\u00f1alamientos respecto a que su remuneraci\u00f3n ser\u00eda mayor a la de [&hellip;]<\/p>\n","protected":false},"author":2476,"featured_media":78780,"comment_status":"open","ping_status":"open","sticky":false,"template":"","format":"standard","meta":{"_jetpack_memberships_contains_paid_content":false,"footnotes":""},"categories":[2],"tags":[],"class_list":["post-78779","post","type-post","status-publish","format-standard","has-post-thumbnail","hentry","category-estado"],"jetpack_featured_media_url":"https:\/\/encuentroinformativo.com.mx\/wp-content\/uploads\/2026\/09\/FB_IMG_1788465251278.jpg","jetpack_sharing_enabled":true,"jetpack_likes_enabled":true,"amp_enabled":true,"_links":{"self":[{"href":"https:\/\/encuentroinformativo.com.mx\/index.php?rest_route=\/wp\/v2\/posts\/78779","targetHints":{"allow":["GET"]}}],"collection":[{"href":"https:\/\/encuentroinformativo.com.mx\/index.php?rest_route=\/wp\/v2\/posts"}],"about":[{"href":"https:\/\/encuentroinformativo.com.mx\/index.php?rest_route=\/wp\/v2\/types\/post"}],"author":[{"embeddable":true,"href":"https:\/\/encuentroinformativo.com.mx\/index.php?rest_route=\/wp\/v2\/users\/2476"}],"replies":[{"embeddable":true,"href":"https:\/\/encuentroinformativo.com.mx\/index.php?rest_route=%2Fwp%2Fv2%2Fcomments&post=78779"}],"version-history":[{"count":1,"href":"https:\/\/encuentroinformativo.com.mx\/index.php?rest_route=\/wp\/v2\/posts\/78779\/revisions"}],"predecessor-version":[{"id":78781,"href":"https:\/\/encuentroinformativo.com.mx\/index.php?rest_route=\/wp\/v2\/posts\/78779\/revisions\/78781"}],"wp:featuredmedia":[{"embeddable":true,"href":"https:\/\/encuentroinformativo.com.mx\/index.php?rest_route=\/wp\/v2\/media\/78780"}],"wp:attachment":[{"href":"https:\/\/encuentroinformativo.com.mx\/index.php?rest_route=%2Fwp%2Fv2%2Fmedia&parent=78779"}],"wp:term":[{"taxonomy":"category","embeddable":true,"href":"https:\/\/encuentroinformativo.com.mx\/index.php?rest_route=%2Fwp%2Fv2%2Fcategories&post=78779"},{"taxonomy":"post_tag","embeddable":true,"href":"https:\/\/encuentroinformativo.com.mx\/index.php?rest_route=%2Fwp%2Fv2%2Ftags&post=78779"}],"curies":[{"name":"wp","href":"https:\/\/api.w.org\/{rel}","templated":true}]}}