{"id":78782,"date":"2026-09-03T17:07:56","date_gmt":"2026-09-03T23:07:56","guid":{"rendered":"https:\/\/encuentroinformativo.com.mx\/?p=78782"},"modified":"2026-09-03T17:07:56","modified_gmt":"2026-09-03T23:07:56","slug":"gobierno-rehabilitara-carretera-las-trancas-coatepec","status":"publish","type":"post","link":"https:\/\/encuentroinformativo.com.mx\/?p=78782","title":{"rendered":"Gobierno rehabilitar\u00e1 carretera Las Trancas &#8211; Coatepec"},"content":{"rendered":"<p><strong>Dar\u00edo Pale<\/strong><\/p>\n<p>Xalapa, Ver.- Luego de las manifestaciones y bloqueos protagonizados por habitantes de diversas comunidades de Emiliano Zapata, quienes mantuvieron cerrada durante casi 48 horas la carretera Xalapa-Coatepec-Las Trancas para exigir una soluci\u00f3n a los constantes accidentes viales, el Gobierno de Veracruz intervendr\u00e1 en la rehabilitaci\u00f3n de la v\u00eda.<\/p>\n<p>El secretario de Gobierno, Ricardo Ahued Bardahuil, inform\u00f3 que ya se estableci\u00f3 un acuerdo entre autoridades estatales, municipales y habitantes de la zona para atender los puntos considerados de mayor riesgo.<\/p>\n<p>Durante una conferencia de prensa en Palacio de Gobierno, el funcionario explic\u00f3 que sostuvo una reuni\u00f3n con la Secretar\u00eda de Infraestructura y Obras P\u00fablicas (SIOP) para analizar la problem\u00e1tica de la carretera y determinar las acciones que deber\u00e1n ejecutarse.<\/p>\n<p>Ahued Bardahuil se\u00f1al\u00f3 que una de las principales causas de los accidentes es el desgaste del concreto utilizado originalmente en la construcci\u00f3n de la carretera, el cual, debido a la humedad, se ha convertido en una superficie altamente resbaladiza.<\/p>\n<p>\u201cEs una carretera que tiene un problema porque cuando se construy\u00f3 le pusieron un acelerante para que fraguara mucho m\u00e1s r\u00e1pido y ese concreto cuando, por el desgaste, pero adem\u00e1s con la humedad, es una resbaladilla\u201d, explic\u00f3.<\/p>\n<p>El secretario de Gobierno indic\u00f3 que el Ayuntamiento de Emiliano Zapata, encabezado por el alcalde Daniel Baizabal, no cuenta con los recursos econ\u00f3micos suficientes para realizar por s\u00ed solo una obra de la magnitud que requiere este tramo carretero, motivo por el cual se solicit\u00f3 la intervenci\u00f3n del Gobierno del Estado.<\/p>\n<p>\u201cEl Alcalde no le da el recurso para hacer la v\u00eda a su \u00e1mbito de competencia. Pidi\u00f3 el auxilio de la gobernadora\u201d, manifest\u00f3.<\/p>\n<p>Reconoci\u00f3 que la inconformidad de los habitantes est\u00e1 relacionada con los riesgos que enfrentan diariamente quienes utilizan esta v\u00eda de comunicaci\u00f3n, particularmente en los puntos donde se han registrado una mayor cantidad de percances.<\/p>\n<p style=\"text-align: center;\"><strong>Obras comenzar\u00e1n despu\u00e9s del 17 de septiembre<\/strong><\/p>\n<p>Respecto al inicio de los trabajos, Ahued Bardahuil inform\u00f3 que existe una minuta firmada con el alcalde Daniel Baizabal y habitantes de las comunidades afectadas, en la que se estableci\u00f3 que las obras comenzar\u00e1n despu\u00e9s del 17 de septiembre.<\/p>\n<p>Explic\u00f3 que esta fecha fue acordada para evitar afectaciones durante las festividades religiosas y actividades que se desarrollan en distintas localidades de la regi\u00f3n durante los primeros d\u00edas de septiembre.<\/p>\n<p>\u201cAyer estuvieron aqu\u00ed los vecinos y se firm\u00f3 una minuta incluso, el Alcalde y vecinas y vecinos de all\u00e1, para explicarles que se va a hacer la obra despu\u00e9s del 17\u201d, detall\u00f3.<\/p>\n<p>El funcionario se\u00f1al\u00f3 que realizar los trabajos antes de esa fecha podr\u00eda generar complicaciones en la circulaci\u00f3n y afectar las celebraciones de las comunidades, por lo que se opt\u00f3 por esperar a que concluyan dichas actividades.<\/p>\n<p style=\"text-align: center;\"><strong>Atender\u00e1n primero los puntos m\u00e1s peligrosos<\/strong><\/p>\n<p>Ahued Bardahuil precis\u00f3 que todav\u00eda no existe un kilometraje definitivo para la repavimentaci\u00f3n, debido a que la extensi\u00f3n de los trabajos ser\u00e1 determinada de acuerdo con las necesidades prioritarias de la zona.<\/p>\n<p>Indic\u00f3 que los habitantes, junto con el Ayuntamiento de Emiliano Zapata y la SIOP, definir\u00e1n cu\u00e1les son los primeros tramos que deber\u00e1n ser intervenidos.<\/p>\n<p>\u201cAyer no se les puso kilometraje porque se va a hacer, desde luego, la obra que se requiera. Lo que s\u00ed qued\u00f3 claro, que los primeros kil\u00f3metros, dos, tres, cuatro, los que sean, decide la poblaci\u00f3n con el alcalde y con SIOP cu\u00e1l es el que le va a dar prioridad\u201d, afirm\u00f3.<\/p>\n<p>El secretario de Gobierno explic\u00f3 que la intervenci\u00f3n contempla un procedimiento t\u00e9cnico para retirar o fresar el concreto que actualmente presenta problemas de adherencia y posteriormente colocar una nueva carpeta asf\u00e1ltica.<\/p>\n<p>A\u00f1adi\u00f3 que se dar\u00e1 prioridad a los puntos cr\u00edticos previamente identificados, entre ellos un tramo en camino y una curva donde se ha concentrado el mayor n\u00famero de accidentes.<\/p>\n<p>Finalmente, Ricardo Ahued Bardahuil asegur\u00f3 que el conflicto generado por los bloqueos fue atendido mediante el di\u00e1logo con los pobladores y autoridades municipales, y afirm\u00f3 que el Gobierno del Estado dar\u00e1 una respuesta t\u00e9cnica y definitiva al problema, mediante trabajos que se realizar\u00e1n por etapas.<\/p>\n","protected":false},"excerpt":{"rendered":"<p>Dar\u00edo Pale Xalapa, Ver.- Luego de las manifestaciones y bloqueos protagonizados por habitantes de diversas comunidades de Emiliano Zapata, quienes mantuvieron cerrada durante casi 48 horas la carretera Xalapa-Coatepec-Las Trancas para exigir una soluci\u00f3n a los constantes accidentes viales, el Gobierno de Veracruz intervendr\u00e1 en la rehabilitaci\u00f3n de la v\u00eda. El secretario de Gobierno, Ricardo [&hellip;]<\/p>\n","protected":false},"author":2476,"featured_media":78783,"comment_status":"open","ping_status":"open","sticky":false,"template":"","format":"standard","meta":{"_jetpack_memberships_contains_paid_content":false,"footnotes":""},"categories":[8],"tags":[],"class_list":["post-78782","post","type-post","status-publish","format-standard","has-post-thumbnail","hentry","category-region"],"jetpack_featured_media_url":"https:\/\/encuentroinformativo.com.mx\/wp-content\/uploads\/2026\/09\/IMG-20260903-WA03532.jpg","jetpack_sharing_enabled":true,"jetpack_likes_enabled":true,"amp_enabled":true,"_links":{"self":[{"href":"https:\/\/encuentroinformativo.com.mx\/index.php?rest_route=\/wp\/v2\/posts\/78782","targetHints":{"allow":["GET"]}}],"collection":[{"href":"https:\/\/encuentroinformativo.com.mx\/index.php?rest_route=\/wp\/v2\/posts"}],"about":[{"href":"https:\/\/encuentroinformativo.com.mx\/index.php?rest_route=\/wp\/v2\/types\/post"}],"author":[{"embeddable":true,"href":"https:\/\/encuentroinformativo.com.mx\/index.php?rest_route=\/wp\/v2\/users\/2476"}],"replies":[{"embeddable":true,"href":"https:\/\/encuentroinformativo.com.mx\/index.php?rest_route=%2Fwp%2Fv2%2Fcomments&post=78782"}],"version-history":[{"count":2,"href":"https:\/\/encuentroinformativo.com.mx\/index.php?rest_route=\/wp\/v2\/posts\/78782\/revisions"}],"predecessor-version":[{"id":78785,"href":"https:\/\/encuentroinformativo.com.mx\/index.php?rest_route=\/wp\/v2\/posts\/78782\/revisions\/78785"}],"wp:featuredmedia":[{"embeddable":true,"href":"https:\/\/encuentroinformativo.com.mx\/index.php?rest_route=\/wp\/v2\/media\/78783"}],"wp:attachment":[{"href":"https:\/\/encuentroinformativo.com.mx\/index.php?rest_route=%2Fwp%2Fv2%2Fmedia&parent=78782"}],"wp:term":[{"taxonomy":"category","embeddable":true,"href":"https:\/\/encuentroinformativo.com.mx\/index.php?rest_route=%2Fwp%2Fv2%2Fcategories&post=78782"},{"taxonomy":"post_tag","embeddable":true,"href":"https:\/\/encuentroinformativo.com.mx\/index.php?rest_route=%2Fwp%2Fv2%2Ftags&post=78782"}],"curies":[{"name":"wp","href":"https:\/\/api.w.org\/{rel}","templated":true}]}}