{"id":78791,"date":"2026-09-04T18:07:35","date_gmt":"2026-09-05T00:07:35","guid":{"rendered":"https:\/\/encuentroinformativo.com.mx\/?p=78791"},"modified":"2026-09-04T18:07:35","modified_gmt":"2026-09-05T00:07:35","slug":"fiscalia-anticorrupcion-reduce-rezago-en-carpetas-de-investigacion","status":"publish","type":"post","link":"https:\/\/encuentroinformativo.com.mx\/?p=78791","title":{"rendered":"Fiscal\u00eda Anticorrupci\u00f3n reduce rezago en carpetas de investigaci\u00f3n"},"content":{"rendered":"<p><strong>Dar\u00edo Pale<\/strong><\/p>\n<p>Xalapa, Ver.- La Fiscal\u00eda Especializada en Combate a la Corrupci\u00f3n del Estado de Veracruz (FECCEV) mantiene bajo un protocolo de protecci\u00f3n a un denunciante de presuntos actos de corrupci\u00f3n, mientras la carpeta de investigaci\u00f3n contin\u00faa en proceso de integraci\u00f3n, inform\u00f3 su titular, Stephany Rosas M\u00e9ndez.<\/p>\n<p>La funcionaria destac\u00f3 que Veracruz es el primer estado de la Rep\u00fablica Mexicana en implementar un Protocolo de Alertadores para Denunciantes de Actos de Corrupci\u00f3n, mecanismo que, dijo, permite brindar protecci\u00f3n a quienes se atreven a denunciar posibles irregularidades, adem\u00e1s de garantizar la confidencialidad y secrec\u00eda de las investigaciones.<\/p>\n<p>Rosas M\u00e9ndez agradeci\u00f3 a la fiscal general del Estado, Lisbeth Aurelia Jim\u00e9nez Aguirre, por la coordinaci\u00f3n con la Fiscal\u00eda Anticorrupci\u00f3n para la implementaci\u00f3n de este mecanismo.<\/p>\n<p>Explic\u00f3 que uno de los objetivos principales es que las personas pierdan el miedo a denunciar, pero tambi\u00e9n que durante las investigaciones se protejan los derechos tanto de los denunciantes como de las personas se\u00f1aladas.<\/p>\n<p>\u201cQueremos que las personas hagan su debida denuncia y que no tengan miedo a denunciar\u201d, se\u00f1al\u00f3.<\/p>\n<p>Sobre el caso de un joven que present\u00f3 una denuncia contra una diputada y que posteriormente declar\u00f3 p\u00fablicamente que se encontraba bajo este protocolo, la titular de la FECCEV confirm\u00f3 que se le est\u00e1 dando seguimiento.<\/p>\n<p>Sin embargo, aclar\u00f3 que por la naturaleza del procedimiento no puede revelar contra qui\u00e9n fue presentada la denuncia ni proporcionar detalles sobre el avance de la investigaci\u00f3n.<\/p>\n<p>\u201c\u00c9l hizo una denuncia, no puedo por lo mismo decir contra qui\u00e9nes, porque altero la confidencialidad de ese protocolo\u201d, explic\u00f3.<\/p>\n<p>Precis\u00f3 que actualmente la carpeta se encuentra en etapa de integraci\u00f3n y todav\u00eda no se han generado actos de molestia contra las personas involucradas.<\/p>\n<p>\u201cEstamos en proceso de integraci\u00f3n de la carpeta, no se han generado actos de molestia; cuando se generen, las propias personas involucradas lo dar\u00e1n a conocer\u201d, puntualiz\u00f3.<\/p>\n<p>La fiscal anticorrupci\u00f3n sostuvo que la instituci\u00f3n debe apegarse estrictamente a derecho y agotar todas las l\u00edneas de investigaci\u00f3n posibles antes de determinar si existen elementos suficientes para ejercer acci\u00f3n penal.<\/p>\n<p>A\u00f1adi\u00f3 que tanto quien denuncia como las personas denunciadas tienen derecho a presentar pruebas, por lo que el resultado depender\u00e1 de lo que se logre acreditar durante la investigaci\u00f3n.<\/p>\n<p style=\"text-align: center;\"><strong>Avanza FECCEV en denuncias presentadas por el Orfis<\/strong><\/p>\n<p>En otro tema, Rosas M\u00e9ndez inform\u00f3 que la Fiscal\u00eda Anticorrupci\u00f3n ha logrado reducir de manera importante el rezago de carpetas de investigaci\u00f3n derivadas de denuncias presentadas por el \u00d3rgano de Fiscalizaci\u00f3n Superior del Estado de Veracruz (Orfis).<\/p>\n<p>Detall\u00f3 que al asumir el cargo encontr\u00f3 aproximadamente 151 carpetas de investigaci\u00f3n relacionadas con denuncias del Orfis que se encontraban pendientes de determinaci\u00f3n, mientras que actualmente quedan alrededor de 80.<\/p>\n<p>\u201cQuiero comentarles que a la fecha tenemos menos de 80. Es decir, ya batimos la mitad de esas carpetas de investigaci\u00f3n\u201d, afirm\u00f3.<\/p>\n<p>Explic\u00f3 que el Orfis primero integra sus expedientes y posteriormente presenta las denuncias correspondientes ante la Fiscal\u00eda, las cuales se convierten en carpetas de investigaci\u00f3n.<\/p>\n<p>De las carpetas que ya han sido atendidas, algunas fueron judicializadas, mientras que otras concluyeron mediante mecanismos como la reparaci\u00f3n del da\u00f1o.<\/p>\n<p>Rosas M\u00e9ndez reconoci\u00f3 que recibi\u00f3 una Fiscal\u00eda con un rezago considerable y se\u00f1al\u00f3 que uno de sus principales objetivos desde que asumi\u00f3 el cargo ha sido identificar las causas por las que las investigaciones no avanzaban.<\/p>\n<p>Asegur\u00f3 que una de las principales diferencias actualmente es la coordinaci\u00f3n institucional, lo que ha permitido mejorar la integraci\u00f3n de las carpetas y acelerar su tr\u00e1mite.<\/p>\n<p>\u201cMe encantar\u00eda tener resultados m\u00e1gicos, pero vamos trabajando conforme a derecho y con los plazos establecidos\u201d, expres\u00f3.<\/p>\n<p>La funcionaria evit\u00f3 proporcionar cifras espec\u00edficas sobre cu\u00e1ntos ex servidores p\u00fablicos o servidores p\u00fablicos han sido judicializados, al se\u00f1alar que hacerlo podr\u00eda vulnerar la confidencialidad de las investigaciones.<\/p>\n<p>No obstante, explic\u00f3 que el sistema penal acusatorio contempla mecanismos como la reparaci\u00f3n del da\u00f1o y las salidas alternas, que pueden aplicarse cuando se cumplen los requisitos establecidos por la ley.<\/p>\n<p>Puso como ejemplo las denuncias relacionadas con polic\u00edas, en las que puede existir reparaci\u00f3n del da\u00f1o a favor de las v\u00edctimas o de las instituciones afectadas, siempre garantizando los derechos de las personas se\u00f1aladas.<\/p>\n<p>Finalmente, Rosas M\u00e9ndez insisti\u00f3 en que la Fiscal\u00eda debe agotar las herramientas que contempla el sistema penal acusatorio antes de solicitar medidas u \u00f3rdenes judiciales.<\/p>\n<p>\u201cTenemos que agotar todo lo que nos ofrece nuestro sistema penal acusatorio\u201d, concluy\u00f3.<\/p>\n","protected":false},"excerpt":{"rendered":"<p>Dar\u00edo Pale Xalapa, Ver.- La Fiscal\u00eda Especializada en Combate a la Corrupci\u00f3n del Estado de Veracruz (FECCEV) mantiene bajo un protocolo de protecci\u00f3n a un denunciante de presuntos actos de corrupci\u00f3n, mientras la carpeta de investigaci\u00f3n contin\u00faa en proceso de integraci\u00f3n, inform\u00f3 su titular, Stephany Rosas M\u00e9ndez. La funcionaria destac\u00f3 que Veracruz es el primer [&hellip;]<\/p>\n","protected":false},"author":2476,"featured_media":78792,"comment_status":"open","ping_status":"open","sticky":false,"template":"","format":"standard","meta":{"_jetpack_memberships_contains_paid_content":false,"footnotes":""},"categories":[2],"tags":[],"class_list":["post-78791","post","type-post","status-publish","format-standard","has-post-thumbnail","hentry","category-estado"],"jetpack_featured_media_url":"https:\/\/encuentroinformativo.com.mx\/wp-content\/uploads\/2026\/09\/IMG-20260904-WA02552.jpg","jetpack_sharing_enabled":true,"jetpack_likes_enabled":true,"amp_enabled":true,"_links":{"self":[{"href":"https:\/\/encuentroinformativo.com.mx\/index.php?rest_route=\/wp\/v2\/posts\/78791","targetHints":{"allow":["GET"]}}],"collection":[{"href":"https:\/\/encuentroinformativo.com.mx\/index.php?rest_route=\/wp\/v2\/posts"}],"about":[{"href":"https:\/\/encuentroinformativo.com.mx\/index.php?rest_route=\/wp\/v2\/types\/post"}],"author":[{"embeddable":true,"href":"https:\/\/encuentroinformativo.com.mx\/index.php?rest_route=\/wp\/v2\/users\/2476"}],"replies":[{"embeddable":true,"href":"https:\/\/encuentroinformativo.com.mx\/index.php?rest_route=%2Fwp%2Fv2%2Fcomments&post=78791"}],"version-history":[{"count":1,"href":"https:\/\/encuentroinformativo.com.mx\/index.php?rest_route=\/wp\/v2\/posts\/78791\/revisions"}],"predecessor-version":[{"id":78793,"href":"https:\/\/encuentroinformativo.com.mx\/index.php?rest_route=\/wp\/v2\/posts\/78791\/revisions\/78793"}],"wp:featuredmedia":[{"embeddable":true,"href":"https:\/\/encuentroinformativo.com.mx\/index.php?rest_route=\/wp\/v2\/media\/78792"}],"wp:attachment":[{"href":"https:\/\/encuentroinformativo.com.mx\/index.php?rest_route=%2Fwp%2Fv2%2Fmedia&parent=78791"}],"wp:term":[{"taxonomy":"category","embeddable":true,"href":"https:\/\/encuentroinformativo.com.mx\/index.php?rest_route=%2Fwp%2Fv2%2Fcategories&post=78791"},{"taxonomy":"post_tag","embeddable":true,"href":"https:\/\/encuentroinformativo.com.mx\/index.php?rest_route=%2Fwp%2Fv2%2Ftags&post=78791"}],"curies":[{"name":"wp","href":"https:\/\/api.w.org\/{rel}","templated":true}]}}