{"id":78794,"date":"2026-09-04T19:07:36","date_gmt":"2026-09-05T01:07:36","guid":{"rendered":"https:\/\/encuentroinformativo.com.mx\/?p=78794"},"modified":"2026-09-04T19:07:36","modified_gmt":"2026-09-05T01:07:36","slug":"atiende-tev-asuntos-por-violencia-politica-contra-mujeres","status":"publish","type":"post","link":"https:\/\/encuentroinformativo.com.mx\/?p=78794","title":{"rendered":"Atiende TEV asuntos por violencia pol\u00edtica contra mujeres"},"content":{"rendered":"<p><strong>Dar\u00edo Pale<\/strong><\/p>\n<p>Xalapa, Ver.- El Tribunal Electoral de Veracruz (TEV) ha identificado alrededor de siete u ocho casos en los que ha sido necesario establecer medidas de cumplimiento sustituto ante la dificultad para identificar a los responsables de ejercer violencia pol\u00edtica contra las mujeres en raz\u00f3n de g\u00e9nero, principalmente a trav\u00e9s de redes sociales.<\/p>\n<p>El magistrado presidente del TEV, Gilberto Constituyente Salazar Ceballos, inform\u00f3 que tan solo en la \u00faltima sesi\u00f3n del Pleno, celebrada el mi\u00e9rcoles, fueron resueltos cinco asuntos relacionados con violencia pol\u00edtica contra las mujeres, de los cuales en tres se determin\u00f3 que s\u00ed existi\u00f3 esta conducta.<\/p>\n<p>Explic\u00f3 que uno de los principales problemas que enfrentan las autoridades electorales es el anonimato con el que algunas personas operan en redes sociales, mediante cuentas desde las cuales difunden contenido mis\u00f3gino y violento contra mujeres que desempe\u00f1an cargos de elecci\u00f3n popular o funciones p\u00fablicas.<\/p>\n<p>\u201cAlgunas personas, vali\u00e9ndose de la facilidad con la que se puede crear una cuenta de usuario en redes sociales, publican cualquier cantidad de contenido mis\u00f3gino, violento contra las mujeres en ejercicio del servicio p\u00fablico\u201d, se\u00f1al\u00f3.<\/p>\n<p>Salazar Ceballos reconoci\u00f3 que rastrear a los responsables se ha convertido en una tarea complicada, pues aunque se solicitan informes a plataformas como Meta y otras instancias, en ocasiones \u00fanicamente se obtiene un correo electr\u00f3nico o un n\u00famero telef\u00f3nico que ya no responde.<\/p>\n<p>Ante esta situaci\u00f3n, el TEV ha recurrido a medidas de cumplimiento sustituto, restituci\u00f3n, reparaci\u00f3n y satisfacci\u00f3n, con el objetivo de evitar que este tipo de conductas queden impunes.<\/p>\n<p>Sin embargo, consider\u00f3 que contin\u00faa pendiente fortalecer los mecanismos institucionales para combatir y erradicar la violencia pol\u00edtica contra las mujeres en raz\u00f3n de g\u00e9nero.<\/p>\n<p style=\"text-align: center;\"><strong>Plantean impedir candidaturas a violentadores reincidentes<\/strong><\/p>\n<p>El magistrado consider\u00f3 necesario analizar modificaciones legales que permitan establecer como una causa de inhabilitaci\u00f3n para participar en procesos electorales el hecho de haber sido responsable de violencia pol\u00edtica contra las mujeres en raz\u00f3n de g\u00e9nero.<\/p>\n<p>Record\u00f3 que previamente, mediante interpretaciones de tribunales federales, se hab\u00eda avanzado en la posibilidad de impedir que personas sancionadas por este tipo de violencia pudieran contender por una candidatura.<\/p>\n<p>No obstante, explic\u00f3 que posteriormente la Suprema Corte de Justicia de la Naci\u00f3n determin\u00f3 que una medida de ese tipo resultaba excesiva al no encontrarse expresamente establecida en la legislaci\u00f3n.<\/p>\n<p>Por ello, sostuvo que ahora corresponde a los congresos federal y local analizar una reforma que establezca con claridad las consecuencias para quienes incurran en estas conductas, particularmente cuando exista reincidencia.<\/p>\n<p>\u201cEs una posibilidad de soluci\u00f3n que la legislaci\u00f3n, tanto federal como local, ponga como una causa de inhabilitaci\u00f3n el ser perpetrador de violencia pol\u00edtica contra las mujeres en raz\u00f3n de g\u00e9nero\u201d, plante\u00f3.<\/p>\n<p>Se\u00f1al\u00f3 que existe un antecedente con los deudores alimentarios, por lo que no ser\u00eda descabellado avanzar hacia un mecanismo similar para quienes hayan sido acreditados como responsables de violencia pol\u00edtica de g\u00e9nero.<\/p>\n<p style=\"text-align: center;\"><strong>TEV a\u00fan trabaja en su presupuesto<\/strong><\/p>\n<p>Respecto al presupuesto del Tribunal Electoral de Veracruz, Salazar Ceballos indic\u00f3 que todav\u00eda no cuentan con una cifra definitiva, aunque contin\u00faan trabajando en la propuesta.<\/p>\n<p>Adelant\u00f3 que habr\u00e1 ajustes en el cap\u00edtulo 1000, particularmente porque las disposiciones actuales impiden que los integrantes de la alta direcci\u00f3n de las autoridades electorales sean beneficiarios de mecanismos como el seguro de separaci\u00f3n individualizada.<\/p>\n<p>Aunque esto representar\u00e1 una reducci\u00f3n en dicho cap\u00edtulo, explic\u00f3 que el Tribunal tambi\u00e9n enfrenta mayores necesidades debido al pr\u00f3ximo proceso electoral y a la demanda adicional de servicios que \u00e9ste generar\u00e1.<\/p>\n<p>Por ello, indic\u00f3 que se analiza solicitar un incremento presupuestal, aunque todav\u00eda no existe una cifra final.<\/p>\n<p style=\"text-align: center;\"><strong>Defiende libertad de expresi\u00f3n de periodistas<\/strong><\/p>\n<p>Al ser cuestionado sobre resoluciones relacionadas con violencia pol\u00edtica de g\u00e9nero que posteriormente han sido controvertidas ante otras instancias judiciales, particularmente en casos que involucran a periodistas, el magistrado defendi\u00f3 la importancia de los controles constitucionales y de la libertad de expresi\u00f3n.<\/p>\n<p>Aclar\u00f3 que en el caso mencionado durante la entrevista, relacionado con el comunicador Elfego, el TEV no emiti\u00f3 originalmente una sentencia condenatoria y destac\u00f3 que el tribunal reconoce el papel de los medios de comunicaci\u00f3n como un elemento fundamental de la democracia.<\/p>\n<p>\u201cDe ninguna manera nos incomoda que se nos cuestione, que se nos se\u00f1ale. Es necesario que el poder p\u00fablico, que los servidores p\u00fablicos se nos cuestione\u201d, afirm\u00f3.<\/p>\n<p>Consider\u00f3 que las decisiones de los tribunales deben estar sujetas a revisi\u00f3n mediante los canales institucionales correspondientes y sostuvo que, en el caso referido, se privilegi\u00f3 el ejercicio de las libertades informativas.<\/p>\n<p>Advirti\u00f3 que las distintas interpretaciones que pueden surgir durante el proceso de una denuncia pueden generar el riesgo de limitar la libertad de expresi\u00f3n, por lo que llam\u00f3 a mantener un equilibrio entre la protecci\u00f3n de derechos y las libertades informativas.<\/p>\n<p>\u201cDesde luego, a t\u00edtulo personal yo lo digo, no se deben delimitar las libertades informativas de ninguna manera. Tenemos que ser tolerantes a la cr\u00edtica\u201d, expres\u00f3.<\/p>\n<p>Al mismo tiempo, consider\u00f3 necesario fortalecer la capacidad de la sociedad para distinguir entre informaci\u00f3n sustentada y contenidos falsos.<\/p>\n<p style=\"text-align: center;\"><strong>TEV emite por primera vez medidas cautelares para proteger a edil<\/strong><\/p>\n<p>Por otra parte, el presidente del TEV confirm\u00f3 que durante la sesi\u00f3n del mi\u00e9rcoles el Pleno emiti\u00f3 medidas cautelares para proteger a una regidora que denunci\u00f3 una situaci\u00f3n relacionada con violencia pol\u00edtica contra las mujeres en raz\u00f3n de g\u00e9nero.<\/p>\n<p>Destac\u00f3 que es la primera ocasi\u00f3n en que el Tribunal Electoral de Veracruz emite este tipo de medidas cautelares en un asunto de estas caracter\u00edsticas.<\/p>\n<p>Explic\u00f3 que habitualmente, ante denuncias de violencia pol\u00edtica de g\u00e9nero, se solicitan medidas de protecci\u00f3n; sin embargo, en este caso se determinaron medidas cautelares con el prop\u00f3sito de garantizar que la edil pueda ejercer plenamente sus derechos pol\u00edtico-electorales y, al mismo tiempo, evitar que su integridad f\u00edsica se encuentre en riesgo.<\/p>\n<p>El magistrado aclar\u00f3 que la determinaci\u00f3n se encuentra en una etapa cautelar y que el Tribunal todav\u00eda no cuenta con el informe de la autoridad se\u00f1alada como responsable, por lo que no es posible emitir un pronunciamiento sobre el fondo del asunto.<\/p>\n<p>Precis\u00f3 que para conceder las medidas se tomaron en cuenta los principios de apariencia del buen derecho y peligro en la demora, a partir de la informaci\u00f3n disponible hasta ese momento.<\/p>\n<p>Por ello, subray\u00f3 que el otorgamiento de las medidas no implica prejuzgar sobre la responsabilidad de las autoridades denunciadas, sino garantizar de manera preventiva el ejercicio de los derechos de la regidora mientras contin\u00faa el procedimiento.<\/p>\n","protected":false},"excerpt":{"rendered":"<p>Dar\u00edo Pale Xalapa, Ver.- El Tribunal Electoral de Veracruz (TEV) ha identificado alrededor de siete u ocho casos en los que ha sido necesario establecer medidas de cumplimiento sustituto ante la dificultad para identificar a los responsables de ejercer violencia pol\u00edtica contra las mujeres en raz\u00f3n de g\u00e9nero, principalmente a trav\u00e9s de redes sociales. El [&hellip;]<\/p>\n","protected":false},"author":2476,"featured_media":78795,"comment_status":"open","ping_status":"open","sticky":false,"template":"","format":"standard","meta":{"_jetpack_memberships_contains_paid_content":false,"footnotes":""},"categories":[2],"tags":[],"class_list":["post-78794","post","type-post","status-publish","format-standard","has-post-thumbnail","hentry","category-estado"],"jetpack_featured_media_url":"https:\/\/encuentroinformativo.com.mx\/wp-content\/uploads\/2026\/09\/IMG-20260904-WA0244.jpg","jetpack_sharing_enabled":true,"jetpack_likes_enabled":true,"amp_enabled":true,"_links":{"self":[{"href":"https:\/\/encuentroinformativo.com.mx\/index.php?rest_route=\/wp\/v2\/posts\/78794","targetHints":{"allow":["GET"]}}],"collection":[{"href":"https:\/\/encuentroinformativo.com.mx\/index.php?rest_route=\/wp\/v2\/posts"}],"about":[{"href":"https:\/\/encuentroinformativo.com.mx\/index.php?rest_route=\/wp\/v2\/types\/post"}],"author":[{"embeddable":true,"href":"https:\/\/encuentroinformativo.com.mx\/index.php?rest_route=\/wp\/v2\/users\/2476"}],"replies":[{"embeddable":true,"href":"https:\/\/encuentroinformativo.com.mx\/index.php?rest_route=%2Fwp%2Fv2%2Fcomments&post=78794"}],"version-history":[{"count":1,"href":"https:\/\/encuentroinformativo.com.mx\/index.php?rest_route=\/wp\/v2\/posts\/78794\/revisions"}],"predecessor-version":[{"id":78796,"href":"https:\/\/encuentroinformativo.com.mx\/index.php?rest_route=\/wp\/v2\/posts\/78794\/revisions\/78796"}],"wp:featuredmedia":[{"embeddable":true,"href":"https:\/\/encuentroinformativo.com.mx\/index.php?rest_route=\/wp\/v2\/media\/78795"}],"wp:attachment":[{"href":"https:\/\/encuentroinformativo.com.mx\/index.php?rest_route=%2Fwp%2Fv2%2Fmedia&parent=78794"}],"wp:term":[{"taxonomy":"category","embeddable":true,"href":"https:\/\/encuentroinformativo.com.mx\/index.php?rest_route=%2Fwp%2Fv2%2Fcategories&post=78794"},{"taxonomy":"post_tag","embeddable":true,"href":"https:\/\/encuentroinformativo.com.mx\/index.php?rest_route=%2Fwp%2Fv2%2Ftags&post=78794"}],"curies":[{"name":"wp","href":"https:\/\/api.w.org\/{rel}","templated":true}]}}