{"id":78803,"date":"2026-09-05T13:41:49","date_gmt":"2026-09-05T19:41:49","guid":{"rendered":"https:\/\/encuentroinformativo.com.mx\/?p=78803"},"modified":"2026-09-05T13:41:49","modified_gmt":"2026-09-05T19:41:49","slug":"por-obras-cerraran-tramo-de-la-avenida-ruiz-cortines","status":"publish","type":"post","link":"https:\/\/encuentroinformativo.com.mx\/?p=78803","title":{"rendered":"Por obras, cerrar\u00e1n tramo de la avenida Ruiz Cortines"},"content":{"rendered":"<p><strong>Dar\u00edo Pale<\/strong><\/p>\n<p>Xalapa, Ver.- A partir del pr\u00f3ximo lunes 7 de septiembre, el Ayuntamiento de Xalapa cerrar\u00e1 a la circulaci\u00f3n vehicular un tramo de la avenida Ruiz Cortines, entre las calles Teodoro Avenda\u00f1o y M\u00e1rtires 28 de Agosto, debido a la ejecuci\u00f3n de trabajos de rehabilitaci\u00f3n integral.<\/p>\n<p>El director de Obras P\u00fablicas del Ayuntamiento de Xalapa, Manuel Almaz\u00e1n Caudillo, inform\u00f3 que el cierre comenzar\u00e1 a las 6:00 de la ma\u00f1ana y se mantendr\u00e1 hasta finales de diciembre, por lo que pidi\u00f3 a la poblaci\u00f3n tomar precauciones y utilizar v\u00edas alternas.<\/p>\n<p>Explic\u00f3 que, como parte de la estrategia para disminuir las afectaciones a la movilidad, se habilitar\u00e1 la calle Her\u00f3n P\u00e9rez en doble sentido, con el prop\u00f3sito de facilitar el desahogo vehicular durante el periodo que permanezca cerrado este tramo de Ruiz Cortines.<\/p>\n<p>Almaz\u00e1n Caudillo detall\u00f3 que los trabajos contemplan una rehabilitaci\u00f3n integral de la infraestructura urbana, que incluye la sustituci\u00f3n y mejoramiento del drenaje sanitario, drenaje pluvial y la red de agua potable, adem\u00e1s de la pavimentaci\u00f3n con concreto hidr\u00e1ulico.<\/p>\n<p>\u201cVamos a trabajar a partir de este lunes 7 de septiembre hasta finales del mes de diciembre\u201d, precis\u00f3 el funcionario municipal.<\/p>\n<p>Ante estas labores, hizo un llamado a los automovilistas y habitantes de la zona para que planeen sus recorridos con anticipaci\u00f3n, utilicen rutas alternas y permanezcan atentos a los comunicados oficiales que emita el Ayuntamiento sobre las modificaciones a la circulaci\u00f3n.<\/p>\n<p>El director de Obras P\u00fablicas se\u00f1al\u00f3 que los trabajos forman parte del programa de infraestructura que actualmente desarrolla el gobierno municipal y asegur\u00f3 que la intervenci\u00f3n en otro tramo de Ruiz Cortines registra un avance favorable conforme a lo programado.<\/p>\n<p>Asimismo, indic\u00f3 que actualmente se encuentran en proceso alrededor de 50 obras en distintos puntos de Xalapa y adelant\u00f3 que en los pr\u00f3ximos d\u00edas comenzar\u00e1n nuevos proyectos.<\/p>\n<p>El Ayuntamiento mantendr\u00e1 informada a la ciudadan\u00eda sobre los avances de los trabajos y las condiciones de circulaci\u00f3n en la zona, por lo que se recomienda considerar tiempos adicionales de traslado mientras permanezca vigente el cierre.<\/p>\n","protected":false},"excerpt":{"rendered":"<p>Dar\u00edo Pale Xalapa, Ver.- A partir del pr\u00f3ximo lunes 7 de septiembre, el Ayuntamiento de Xalapa cerrar\u00e1 a la circulaci\u00f3n vehicular un tramo de la avenida Ruiz Cortines, entre las calles Teodoro Avenda\u00f1o y M\u00e1rtires 28 de Agosto, debido a la ejecuci\u00f3n de trabajos de rehabilitaci\u00f3n integral. El director de Obras P\u00fablicas del Ayuntamiento de [&hellip;]<\/p>\n","protected":false},"author":2476,"featured_media":78804,"comment_status":"open","ping_status":"open","sticky":false,"template":"","format":"standard","meta":{"_jetpack_memberships_contains_paid_content":false,"footnotes":""},"categories":[3],"tags":[],"class_list":["post-78803","post","type-post","status-publish","format-standard","has-post-thumbnail","hentry","category-xalapa"],"jetpack_featured_media_url":"https:\/\/encuentroinformativo.com.mx\/wp-content\/uploads\/2026\/09\/IMG-20260905-WA00612.jpg","jetpack_sharing_enabled":true,"jetpack_likes_enabled":true,"amp_enabled":true,"_links":{"self":[{"href":"https:\/\/encuentroinformativo.com.mx\/index.php?rest_route=\/wp\/v2\/posts\/78803","targetHints":{"allow":["GET"]}}],"collection":[{"href":"https:\/\/encuentroinformativo.com.mx\/index.php?rest_route=\/wp\/v2\/posts"}],"about":[{"href":"https:\/\/encuentroinformativo.com.mx\/index.php?rest_route=\/wp\/v2\/types\/post"}],"author":[{"embeddable":true,"href":"https:\/\/encuentroinformativo.com.mx\/index.php?rest_route=\/wp\/v2\/users\/2476"}],"replies":[{"embeddable":true,"href":"https:\/\/encuentroinformativo.com.mx\/index.php?rest_route=%2Fwp%2Fv2%2Fcomments&post=78803"}],"version-history":[{"count":1,"href":"https:\/\/encuentroinformativo.com.mx\/index.php?rest_route=\/wp\/v2\/posts\/78803\/revisions"}],"predecessor-version":[{"id":78805,"href":"https:\/\/encuentroinformativo.com.mx\/index.php?rest_route=\/wp\/v2\/posts\/78803\/revisions\/78805"}],"wp:featuredmedia":[{"embeddable":true,"href":"https:\/\/encuentroinformativo.com.mx\/index.php?rest_route=\/wp\/v2\/media\/78804"}],"wp:attachment":[{"href":"https:\/\/encuentroinformativo.com.mx\/index.php?rest_route=%2Fwp%2Fv2%2Fmedia&parent=78803"}],"wp:term":[{"taxonomy":"category","embeddable":true,"href":"https:\/\/encuentroinformativo.com.mx\/index.php?rest_route=%2Fwp%2Fv2%2Fcategories&post=78803"},{"taxonomy":"post_tag","embeddable":true,"href":"https:\/\/encuentroinformativo.com.mx\/index.php?rest_route=%2Fwp%2Fv2%2Ftags&post=78803"}],"curies":[{"name":"wp","href":"https:\/\/api.w.org\/{rel}","templated":true}]}}