{"id":7882,"date":"2020-11-10T11:20:07","date_gmt":"2020-11-10T17:20:07","guid":{"rendered":"https:\/\/encuentroinformativo.com.mx\/?p=7882"},"modified":"2020-11-10T11:20:38","modified_gmt":"2020-11-10T17:20:38","slug":"informe-se-realizara-de-forma-virtual-reitera-gobernador","status":"publish","type":"post","link":"https:\/\/encuentroinformativo.com.mx\/?p=7882","title":{"rendered":"Informe se realizar\u00e1 de forma virtual, reitera Gobernador"},"content":{"rendered":"\n<p><strong>Dar\u00edo Pale <\/strong><\/p>\n\n\n\n<p>Xalapa, Ver.- El informe de este a\u00f1o ser\u00e1 de manera virtual d\u00f3nde habr\u00e1 un mensaje sin invitados especiales, solo ser\u00e1 la presencia de los tres poderes, as\u00ed lo dio a conocer el\u00a0gobernador del estado Cuitl\u00e1huac Garc\u00eda Jim\u00e9nez.<\/p>\n\n\n\n<p>Entrevistado a su arribo al KAN\u00c1 donde presentaron el Sistema Institucional de Archivos de la Secretaria de Educaci\u00f3n de Veracruz (SIASEV), dio a conocer que &#8220;va ha ser muy did\u00e1ctico donde se van a presentar unas im\u00e1genes y el resultado de este a\u00f1o es el contexto de la pandemia ,sin embargo si tenemos resultados muy importantes\u201d.<\/p>\n\n\n\n<p>Mencion\u00f3 que este ser\u00e1 el d\u00eda 15 o 16 de diciembre cuando se lleve a cabo a trav\u00e9s de redes sociales, ya\u00a0que la pandemia no detuvo las acciones que estaban programadas , d\u00f3nde se llev\u00f3 con todas las medidas sanitarias , d\u00f3nde en algunos casos si alent\u00f3 el trabajo de algunas dependencias.<\/p>\n\n\n\n<p>\u201cAfortunadamente el comportamiento de la sociedad ayud\u00f3 que r\u00e1pidamente cambi\u00e1ramos en el sem\u00e1foro&#8221; se\u00f1al\u00f3.<\/p>\n\n\n\n<p>Finalmente dio a conocer que se pod\u00eda llevar a cabo la activaci\u00f3n econ\u00f3mica y la activaci\u00f3n de otras actividades con los porcentajes que indica en la semaforizaci\u00f3n sanitaria, &#8220;estamos en marcha m\u00e1s r\u00e1pido para finalizar el a\u00f1o con buenos resultados&#8221;.\u00a0<\/p>\n","protected":false},"excerpt":{"rendered":"<p>Dar\u00edo Pale Xalapa, Ver.- El informe de este a\u00f1o ser\u00e1 de manera virtual d\u00f3nde habr\u00e1 un mensaje sin invitados especiales, solo ser\u00e1 la presencia de los tres poderes, as\u00ed lo dio a conocer el\u00a0gobernador del estado Cuitl\u00e1huac Garc\u00eda Jim\u00e9nez. Entrevistado a su arribo al KAN\u00c1 donde presentaron el Sistema Institucional de Archivos de la Secretaria [&hellip;]<\/p>\n","protected":false},"author":1,"featured_media":7883,"comment_status":"open","ping_status":"open","sticky":false,"template":"","format":"standard","meta":{"_jetpack_memberships_contains_paid_content":false,"footnotes":""},"categories":[2],"tags":[],"class_list":["post-7882","post","type-post","status-publish","format-standard","has-post-thumbnail","hentry","category-estado"],"jetpack_featured_media_url":"https:\/\/encuentroinformativo.com.mx\/wp-content\/uploads\/2020\/11\/24E32BBB-2C77-42EF-9459-8D5F6D47D0D9.jpeg","jetpack_sharing_enabled":true,"jetpack_likes_enabled":true,"amp_enabled":true,"_links":{"self":[{"href":"https:\/\/encuentroinformativo.com.mx\/index.php?rest_route=\/wp\/v2\/posts\/7882","targetHints":{"allow":["GET"]}}],"collection":[{"href":"https:\/\/encuentroinformativo.com.mx\/index.php?rest_route=\/wp\/v2\/posts"}],"about":[{"href":"https:\/\/encuentroinformativo.com.mx\/index.php?rest_route=\/wp\/v2\/types\/post"}],"author":[{"embeddable":true,"href":"https:\/\/encuentroinformativo.com.mx\/index.php?rest_route=\/wp\/v2\/users\/1"}],"replies":[{"embeddable":true,"href":"https:\/\/encuentroinformativo.com.mx\/index.php?rest_route=%2Fwp%2Fv2%2Fcomments&post=7882"}],"version-history":[{"count":1,"href":"https:\/\/encuentroinformativo.com.mx\/index.php?rest_route=\/wp\/v2\/posts\/7882\/revisions"}],"predecessor-version":[{"id":7884,"href":"https:\/\/encuentroinformativo.com.mx\/index.php?rest_route=\/wp\/v2\/posts\/7882\/revisions\/7884"}],"wp:featuredmedia":[{"embeddable":true,"href":"https:\/\/encuentroinformativo.com.mx\/index.php?rest_route=\/wp\/v2\/media\/7883"}],"wp:attachment":[{"href":"https:\/\/encuentroinformativo.com.mx\/index.php?rest_route=%2Fwp%2Fv2%2Fmedia&parent=7882"}],"wp:term":[{"taxonomy":"category","embeddable":true,"href":"https:\/\/encuentroinformativo.com.mx\/index.php?rest_route=%2Fwp%2Fv2%2Fcategories&post=7882"},{"taxonomy":"post_tag","embeddable":true,"href":"https:\/\/encuentroinformativo.com.mx\/index.php?rest_route=%2Fwp%2Fv2%2Ftags&post=7882"}],"curies":[{"name":"wp","href":"https:\/\/api.w.org\/{rel}","templated":true}]}}