{"id":7885,"date":"2020-11-10T12:32:31","date_gmt":"2020-11-10T18:32:31","guid":{"rendered":"https:\/\/encuentroinformativo.com.mx\/?p=7885"},"modified":"2020-11-10T12:32:34","modified_gmt":"2020-11-10T18:32:34","slug":"cierran-portal-de-miranda-por-caida-de-cornisas","status":"publish","type":"post","link":"https:\/\/encuentroinformativo.com.mx\/?p=7885","title":{"rendered":"Cierran portal de Miranda por ca\u00edda de cornisas"},"content":{"rendered":"\n<p><strong>Alejandro \u00c1vila<\/strong><\/p>\n\n\n\n<p>Veracruz, Ver.- La direcci\u00f3n de Protecci\u00f3n Civil Municipal acordon\u00f3 parcialmente el Portal de Miranda, el cual es el pasillo de la calle Mario Molina rumbo al Palacio Municipal de Veracruz, debido a que la cornisa de algunas partes del edificio donde se encuentra la Fototeca est\u00e1n deterioradas y en algunos casos se desprendieron.<\/p>\n\n\n\n<p>En entrevista, el director de Gobernaci\u00f3n, Gianfranco Melchor Robinson, mencion\u00f3 que tomaron esta decisi\u00f3n debido a que es un lugar muy concurrido, ya que muchas personas acuden diariamente al edificio Trigueros &#8211; el cual est\u00e1 enfrente &#8211; a realizar diferentes tr\u00e1mites municipales.<\/p>\n\n\n\n<p>&#8220;Desde la semana pasada se llev\u00f3 a cabo ah\u00ed un corte de la circulaci\u00f3n por el Portal de Miranda, una parte nada m\u00e1s, porque se est\u00e1 colapsando las cornisas que est\u00e1n en el edificio Portal de Miranda, entonces para llevar a cabo un protocolo de seguridad se tom\u00f3 la decisi\u00f3n por parte de Protecci\u00f3n Civil de llevar a cabo el cierre\u201d, declar\u00f3.<\/p>\n\n\n\n<p>Si bien se confirm\u00f3 que han ca\u00eddo diversos trozos de concreto al piso, hasta el momento y gracias al acordonamiento a tiempo, no ha habido personas lesionadas.<\/p>\n\n\n\n<p>El edificio da\u00f1ado, y donde se encuentra la Fototeca de la ciudad de Veracruz, as\u00ed como otros comercios de comida y artesan\u00edas, pertenece al Gobierno del Estado, explic\u00f3 Melchor Robinson, por lo que ya dieron aviso al Instituto Veracruzano de Cultura (IVEC), quien normalmente supervisa el lugar, del deterioro que presenta.<\/p>\n\n\n\n<p>El director del Ayuntamiento de Veracruz, dijo que ya acudi\u00f3 personal del IVEC a revisar el lugar y tienen pleno conocimiento de la situaci\u00f3n, pero desconoce en qu\u00e9 tiempo se le dar\u00e1 el mantenimiento adecuado.<\/p>\n","protected":false},"excerpt":{"rendered":"<p>Alejandro \u00c1vila Veracruz, Ver.- La direcci\u00f3n de Protecci\u00f3n Civil Municipal acordon\u00f3 parcialmente el Portal de Miranda, el cual es el pasillo de la calle Mario Molina rumbo al Palacio Municipal de Veracruz, debido a que la cornisa de algunas partes del edificio donde se encuentra la Fototeca est\u00e1n deterioradas y en algunos casos se desprendieron. [&hellip;]<\/p>\n","protected":false},"author":1,"featured_media":7886,"comment_status":"open","ping_status":"open","sticky":false,"template":"","format":"standard","meta":{"_jetpack_memberships_contains_paid_content":false,"footnotes":""},"categories":[2],"tags":[],"class_list":["post-7885","post","type-post","status-publish","format-standard","has-post-thumbnail","hentry","category-estado"],"jetpack_featured_media_url":"https:\/\/encuentroinformativo.com.mx\/wp-content\/uploads\/2020\/11\/8B6859A3-EFC9-49D4-85B0-F8A0A95A1085.jpeg","jetpack_sharing_enabled":true,"jetpack_likes_enabled":true,"amp_enabled":true,"_links":{"self":[{"href":"https:\/\/encuentroinformativo.com.mx\/index.php?rest_route=\/wp\/v2\/posts\/7885","targetHints":{"allow":["GET"]}}],"collection":[{"href":"https:\/\/encuentroinformativo.com.mx\/index.php?rest_route=\/wp\/v2\/posts"}],"about":[{"href":"https:\/\/encuentroinformativo.com.mx\/index.php?rest_route=\/wp\/v2\/types\/post"}],"author":[{"embeddable":true,"href":"https:\/\/encuentroinformativo.com.mx\/index.php?rest_route=\/wp\/v2\/users\/1"}],"replies":[{"embeddable":true,"href":"https:\/\/encuentroinformativo.com.mx\/index.php?rest_route=%2Fwp%2Fv2%2Fcomments&post=7885"}],"version-history":[{"count":1,"href":"https:\/\/encuentroinformativo.com.mx\/index.php?rest_route=\/wp\/v2\/posts\/7885\/revisions"}],"predecessor-version":[{"id":7887,"href":"https:\/\/encuentroinformativo.com.mx\/index.php?rest_route=\/wp\/v2\/posts\/7885\/revisions\/7887"}],"wp:featuredmedia":[{"embeddable":true,"href":"https:\/\/encuentroinformativo.com.mx\/index.php?rest_route=\/wp\/v2\/media\/7886"}],"wp:attachment":[{"href":"https:\/\/encuentroinformativo.com.mx\/index.php?rest_route=%2Fwp%2Fv2%2Fmedia&parent=7885"}],"wp:term":[{"taxonomy":"category","embeddable":true,"href":"https:\/\/encuentroinformativo.com.mx\/index.php?rest_route=%2Fwp%2Fv2%2Fcategories&post=7885"},{"taxonomy":"post_tag","embeddable":true,"href":"https:\/\/encuentroinformativo.com.mx\/index.php?rest_route=%2Fwp%2Fv2%2Ftags&post=7885"}],"curies":[{"name":"wp","href":"https:\/\/api.w.org\/{rel}","templated":true}]}}