{"id":7889,"date":"2020-11-10T13:04:06","date_gmt":"2020-11-10T19:04:06","guid":{"rendered":"https:\/\/encuentroinformativo.com.mx\/?p=7889"},"modified":"2020-11-10T13:04:09","modified_gmt":"2020-11-10T19:04:09","slug":"antorchistas-presentan-denuncias-por-secuestro-y-extorsion","status":"publish","type":"post","link":"https:\/\/encuentroinformativo.com.mx\/?p=7889","title":{"rendered":"Antorchistas presentan denuncias por secuestro y extorsi\u00f3n"},"content":{"rendered":"\n<p><strong>Juan Arcos <\/strong><\/p>\n\n\n\n<p>Xalapa, Ver.- Cerca de 35 denuncias ha presentado el Movimiento Antorchista en la Fiscal\u00eda General del Estado (FGE), de abril a la fecha, por secuestro, extorsi\u00f3n, amenazas y robo contra integrantes de la agrupaci\u00f3n.<\/p>\n\n\n\n<p>As\u00ed lo dio a conocer el dirigente estatal de la organizaci\u00f3n, Samuel Aguirre Ochoa, quien adem\u00e1s record\u00f3 que la \u00faltima querella fue interpuesta el pasado jueves 5 de noviembre.<\/p>\n\n\n\n<p>En conferencia de prensa, el l\u00edder antorchista se\u00f1al\u00f3 que hasta el momento no hay avances en las investigaciones por parte de la Fiscal\u00eda de Veracruz.<\/p>\n\n\n\n<p>\u201cTodas las denuncias fueron interpuestas en la fiscal\u00eda contra quienes resulten responsables\u201d.<\/p>\n\n\n\n<p>A su parecer, el problema se ha politizado y, por ello, no hay avances en las investigaciones.<\/p>\n\n\n\n<p>\u201cSi no tengo la plena seguridad, cuando menos hay elementos que nos llevan a pensar que s\u00ed\u201d.<\/p>\n\n\n\n<p>Cabe recordar que el pasado 8 de octubre fueron \u201clevantados\u201d cuatro antorchistas en la Reserva Territorial Vergara Tarimoya 4, en el puerto de Veracruz. Posteriormente, aparecieron con vida y la Fiscal\u00eda General del Estado los vincul\u00f3 a una banda dedicada al mercado ilegal de cigarros.<\/p>\n","protected":false},"excerpt":{"rendered":"<p>Juan Arcos Xalapa, Ver.- Cerca de 35 denuncias ha presentado el Movimiento Antorchista en la Fiscal\u00eda General del Estado (FGE), de abril a la fecha, por secuestro, extorsi\u00f3n, amenazas y robo contra integrantes de la agrupaci\u00f3n. As\u00ed lo dio a conocer el dirigente estatal de la organizaci\u00f3n, Samuel Aguirre Ochoa, quien adem\u00e1s record\u00f3 que la [&hellip;]<\/p>\n","protected":false},"author":1,"featured_media":7890,"comment_status":"open","ping_status":"open","sticky":false,"template":"","format":"standard","meta":{"_jetpack_memberships_contains_paid_content":false,"footnotes":""},"categories":[3],"tags":[],"class_list":["post-7889","post","type-post","status-publish","format-standard","has-post-thumbnail","hentry","category-xalapa"],"jetpack_featured_media_url":"https:\/\/encuentroinformativo.com.mx\/wp-content\/uploads\/2020\/11\/EA690F80-49DE-4492-AABF-CD22A1520A2D.jpeg","jetpack_sharing_enabled":true,"jetpack_likes_enabled":true,"amp_enabled":true,"_links":{"self":[{"href":"https:\/\/encuentroinformativo.com.mx\/index.php?rest_route=\/wp\/v2\/posts\/7889","targetHints":{"allow":["GET"]}}],"collection":[{"href":"https:\/\/encuentroinformativo.com.mx\/index.php?rest_route=\/wp\/v2\/posts"}],"about":[{"href":"https:\/\/encuentroinformativo.com.mx\/index.php?rest_route=\/wp\/v2\/types\/post"}],"author":[{"embeddable":true,"href":"https:\/\/encuentroinformativo.com.mx\/index.php?rest_route=\/wp\/v2\/users\/1"}],"replies":[{"embeddable":true,"href":"https:\/\/encuentroinformativo.com.mx\/index.php?rest_route=%2Fwp%2Fv2%2Fcomments&post=7889"}],"version-history":[{"count":1,"href":"https:\/\/encuentroinformativo.com.mx\/index.php?rest_route=\/wp\/v2\/posts\/7889\/revisions"}],"predecessor-version":[{"id":7892,"href":"https:\/\/encuentroinformativo.com.mx\/index.php?rest_route=\/wp\/v2\/posts\/7889\/revisions\/7892"}],"wp:featuredmedia":[{"embeddable":true,"href":"https:\/\/encuentroinformativo.com.mx\/index.php?rest_route=\/wp\/v2\/media\/7890"}],"wp:attachment":[{"href":"https:\/\/encuentroinformativo.com.mx\/index.php?rest_route=%2Fwp%2Fv2%2Fmedia&parent=7889"}],"wp:term":[{"taxonomy":"category","embeddable":true,"href":"https:\/\/encuentroinformativo.com.mx\/index.php?rest_route=%2Fwp%2Fv2%2Fcategories&post=7889"},{"taxonomy":"post_tag","embeddable":true,"href":"https:\/\/encuentroinformativo.com.mx\/index.php?rest_route=%2Fwp%2Fv2%2Ftags&post=7889"}],"curies":[{"name":"wp","href":"https:\/\/api.w.org\/{rel}","templated":true}]}}