{"id":7896,"date":"2020-11-10T14:09:42","date_gmt":"2020-11-10T20:09:42","guid":{"rendered":"https:\/\/encuentroinformativo.com.mx\/?p=7896"},"modified":"2020-11-10T14:09:45","modified_gmt":"2020-11-10T20:09:45","slug":"anuncian-festival-gastronomico-digital","status":"publish","type":"post","link":"https:\/\/encuentroinformativo.com.mx\/?p=7896","title":{"rendered":"Anuncian Festival Gastron\u00f3mico Digital"},"content":{"rendered":"\n<p><strong>Dar\u00edo Pale <\/strong><\/p>\n\n\n\n<p>Xalapa, Ver.- El\u00a0chef Francisco Javier Cuevas Ferrer, del\u00a0Consejo Gastron\u00f3mico Veracruzano (CGV), dio a conocer la celebraci\u00f3n de la segunda edici\u00f3n del Festival Gastron\u00f3mico Digital &#8220;Puerta de los Sabores, \u00a1disfruta Veracruz\u00a1&#8221;, que se llevar\u00e1 a cabo del 25 al 28 de noviembre y que reunir\u00e1 a cientos de productores y emprendedores de la regi\u00f3n de Xalapa.<\/p>\n\n\n\n<p>En conferencia de prensa realizada en conocido caf\u00e9 del centro de Xalapa, asever\u00f3 que uno de los grandes objetivos de este evento es impulsar a Xalapa como la capital gastron\u00f3mica a nivel nacional,\u00a0&#8220;ese es el proyecto de fondo que busca el Consejo Gastron\u00f3mico Veracruzano y que busca el festival, aparte de lo que implica un festival, que es como la parte l\u00fadica, la parte cultural, pero el fondo es la reactivaci\u00f3n econ\u00f3mica y la promoci\u00f3n de una regi\u00f3n que tiene mucho que dar&#8221;.<\/p>\n\n\n\n<p>Expres\u00f3 que el gobierno de Veracruz a trav\u00e9s de Radiotelevisi\u00f3n de Veracruz apoyar\u00e1 la difusi\u00f3n de los eventos a trav\u00e9s del Canal y sus plataformas digitales y esperan que a esta convocatoria se sume la Secretar\u00eda de Turismo, ya que la\u00a0intenci\u00f3n del festival es reactivar la econom\u00eda y el consumo local, la difusi\u00f3n de los productores locales y emprendimientos, as\u00ed como la valoraci\u00f3n de la tradici\u00f3n culinaria de Veracruz.<\/p>\n\n\n\n<p>Entre los eventos proyectados se destaca el programa especial &#8220;Puerta de los sabores, segunda edici\u00f3n&#8221;, que se transmitir\u00e1 los d\u00edas jueves 26, viernes 27 y s\u00e1bado 28, por Radiotelevisi\u00f3n de Veracruz, adem\u00e1s habr\u00e1 alguna cenas maridaje en restaurantes de la regi\u00f3n y en donde los chef m\u00e1s reconocidos del Pa\u00eds presentar\u00e1n alg\u00fan platillo distintivo o propuesta gastron\u00f3mica.<\/p>\n\n\n\n<p>Las cheves expuso que se llevar\u00e1 a cabo en la expo digital los d\u00edas 25, 26, 27 y 28 de noviembre a trav\u00e9s de la plataforma de Facebook, donde se promocionar\u00e1n los productos de empresarios locales regionales y estatales.<\/p>\n\n\n\n<p>Finalmente dio a conocer que habr\u00e1 una expo presencial que esta propuesta realizada se los dos \u00faltimos d\u00edas del festival, es decir, viernes y s\u00e1bado, con una asistencia regular a ilimitada de acuerdo a las medidas sanitarias.<\/p>\n","protected":false},"excerpt":{"rendered":"<p>Dar\u00edo Pale Xalapa, Ver.- El\u00a0chef Francisco Javier Cuevas Ferrer, del\u00a0Consejo Gastron\u00f3mico Veracruzano (CGV), dio a conocer la celebraci\u00f3n de la segunda edici\u00f3n del Festival Gastron\u00f3mico Digital &#8220;Puerta de los Sabores, \u00a1disfruta Veracruz\u00a1&#8221;, que se llevar\u00e1 a cabo del 25 al 28 de noviembre y que reunir\u00e1 a cientos de productores y emprendedores de la regi\u00f3n [&hellip;]<\/p>\n","protected":false},"author":1,"featured_media":7897,"comment_status":"open","ping_status":"open","sticky":false,"template":"","format":"standard","meta":{"_jetpack_memberships_contains_paid_content":false,"footnotes":""},"categories":[3],"tags":[],"class_list":["post-7896","post","type-post","status-publish","format-standard","has-post-thumbnail","hentry","category-xalapa"],"jetpack_featured_media_url":"https:\/\/encuentroinformativo.com.mx\/wp-content\/uploads\/2020\/11\/306A58E1-B097-45D3-B7CD-752D40F815A2.jpeg","jetpack_sharing_enabled":true,"jetpack_likes_enabled":true,"amp_enabled":true,"_links":{"self":[{"href":"https:\/\/encuentroinformativo.com.mx\/index.php?rest_route=\/wp\/v2\/posts\/7896","targetHints":{"allow":["GET"]}}],"collection":[{"href":"https:\/\/encuentroinformativo.com.mx\/index.php?rest_route=\/wp\/v2\/posts"}],"about":[{"href":"https:\/\/encuentroinformativo.com.mx\/index.php?rest_route=\/wp\/v2\/types\/post"}],"author":[{"embeddable":true,"href":"https:\/\/encuentroinformativo.com.mx\/index.php?rest_route=\/wp\/v2\/users\/1"}],"replies":[{"embeddable":true,"href":"https:\/\/encuentroinformativo.com.mx\/index.php?rest_route=%2Fwp%2Fv2%2Fcomments&post=7896"}],"version-history":[{"count":1,"href":"https:\/\/encuentroinformativo.com.mx\/index.php?rest_route=\/wp\/v2\/posts\/7896\/revisions"}],"predecessor-version":[{"id":7898,"href":"https:\/\/encuentroinformativo.com.mx\/index.php?rest_route=\/wp\/v2\/posts\/7896\/revisions\/7898"}],"wp:featuredmedia":[{"embeddable":true,"href":"https:\/\/encuentroinformativo.com.mx\/index.php?rest_route=\/wp\/v2\/media\/7897"}],"wp:attachment":[{"href":"https:\/\/encuentroinformativo.com.mx\/index.php?rest_route=%2Fwp%2Fv2%2Fmedia&parent=7896"}],"wp:term":[{"taxonomy":"category","embeddable":true,"href":"https:\/\/encuentroinformativo.com.mx\/index.php?rest_route=%2Fwp%2Fv2%2Fcategories&post=7896"},{"taxonomy":"post_tag","embeddable":true,"href":"https:\/\/encuentroinformativo.com.mx\/index.php?rest_route=%2Fwp%2Fv2%2Ftags&post=7896"}],"curies":[{"name":"wp","href":"https:\/\/api.w.org\/{rel}","templated":true}]}}