{"id":7899,"date":"2020-11-10T15:09:51","date_gmt":"2020-11-10T21:09:51","guid":{"rendered":"https:\/\/encuentroinformativo.com.mx\/?p=7899"},"modified":"2020-11-10T15:09:54","modified_gmt":"2020-11-10T21:09:54","slug":"400-pueblos-instalan-planton-en-la-fiscalia","status":"publish","type":"post","link":"https:\/\/encuentroinformativo.com.mx\/?p=7899","title":{"rendered":"400 Pueblos instalan plant\u00f3n en la Fiscal\u00eda"},"content":{"rendered":"\n<p><strong>Juan Arcos <\/strong><\/p>\n\n\n\n<p>Xalapa, Ver.- Integrantes del Movimiento de los 400 Pueblos iniciaron un plant\u00f3n afuera de las oficinas centrales de la Fiscal\u00eda General del Estado (FGE) para exigir que procedan las denuncias contra el exgobernador Miguel \u00c1ngel Yunes Linares.<\/p>\n\n\n\n<p>Los campesinos montaron sus casas de campa\u00f1a sobre el camell\u00f3n y las banquetas del bulevar Rafael Gu\u00edzar y Valencia, mejor conocido como avenida Arco Sur.<\/p>\n\n\n\n<p>Tambi\u00e9n colocaron lonas entre los \u00e1rboles con la leyenda: \u201c\u00bfy los 1,100 millones de las videoc\u00e1maras que se ching\u00f3 Yunes pa\u2019 cu\u00e1ndo?\u201d y \u201cno mas impunidad a Yunes Linares\u201d.<\/p>\n\n\n\n<p>Alfonsina Sandoval Urbina, l\u00edder de mujeres en dicha agrupaci\u00f3n, acus\u00f3 al exmandatario del Partido Acci\u00f3n Nacional (PAN) de un violador de garant\u00edas individuales y represor de campesinos.<\/p>\n\n\n\n<p>\u201cYa cu\u00e1nto tiempo denunciado y a \u00e9l s\u00ed se la perdonan, cuando a nosotros nos sacan una orden de aprehensi\u00f3n inmediatamente nos detienen, entonces no estamos hablando de lo mismo\u201d.<\/p>\n\n\n\n<p>La entrevistada record\u00f3 que Yunes Linares ha perseguido a los integrantes de dicha agrupaci\u00f3n desde hace varios a\u00f1os, desde que era secretario de Gobierno en el sexenio de Patricio Chirinos Calero.<\/p>\n\n\n\n<p>\u201c\u00c9l es el que ha abusado del poder, \u00e9l con poder y los campesinos sin poder. \u00c9l con una camarilla nos persigui\u00f3, nos encarcel\u00f3, nos proces\u00f3, violando garant\u00edas, porque no hab\u00edamos cometido delitos\u201d.<\/p>\n\n\n\n<p>Cabe recordar que Sandoval Urbina fue detenida el 4 de junio del a\u00f1o pasado por agentes ministeriales, acusada de privaci\u00f3n ilegal de la libertad, lesiones y robo de veh\u00edculo.<\/p>\n\n\n\n<p>Marco Antonio del \u00c1ngel Arroyo reprob\u00f3 que su padre C\u00e9sar del \u00c1ngel Fuentes, l\u00edder del movimiento, haya estado preso durante dos a\u00f1os en el penal de Pacho Viejo, municipio de Coatepec, tras la fabricaci\u00f3n de delitos por parte del exfiscal Jorge Winckler Ortiz, cercano a Yunes Linares.<\/p>\n\n\n\n<p>En ese sentido, indic\u00f3 que buscar\u00e1 una audiencia con la titular de la FGE, Ver\u00f3nica Hern\u00e1ndez Giad\u00e1ns, para que se proceda contra el exgobernador.<\/p>\n","protected":false},"excerpt":{"rendered":"<p>Juan Arcos Xalapa, Ver.- Integrantes del Movimiento de los 400 Pueblos iniciaron un plant\u00f3n afuera de las oficinas centrales de la Fiscal\u00eda General del Estado (FGE) para exigir que procedan las denuncias contra el exgobernador Miguel \u00c1ngel Yunes Linares. Los campesinos montaron sus casas de campa\u00f1a sobre el camell\u00f3n y las banquetas del bulevar Rafael [&hellip;]<\/p>\n","protected":false},"author":1,"featured_media":7900,"comment_status":"open","ping_status":"open","sticky":false,"template":"","format":"standard","meta":{"_jetpack_memberships_contains_paid_content":false,"footnotes":""},"categories":[3],"tags":[],"class_list":["post-7899","post","type-post","status-publish","format-standard","has-post-thumbnail","hentry","category-xalapa"],"jetpack_featured_media_url":"https:\/\/encuentroinformativo.com.mx\/wp-content\/uploads\/2020\/11\/A295C04F-3A53-4748-BC01-F8B050911B26.jpeg","jetpack_sharing_enabled":true,"jetpack_likes_enabled":true,"amp_enabled":true,"_links":{"self":[{"href":"https:\/\/encuentroinformativo.com.mx\/index.php?rest_route=\/wp\/v2\/posts\/7899","targetHints":{"allow":["GET"]}}],"collection":[{"href":"https:\/\/encuentroinformativo.com.mx\/index.php?rest_route=\/wp\/v2\/posts"}],"about":[{"href":"https:\/\/encuentroinformativo.com.mx\/index.php?rest_route=\/wp\/v2\/types\/post"}],"author":[{"embeddable":true,"href":"https:\/\/encuentroinformativo.com.mx\/index.php?rest_route=\/wp\/v2\/users\/1"}],"replies":[{"embeddable":true,"href":"https:\/\/encuentroinformativo.com.mx\/index.php?rest_route=%2Fwp%2Fv2%2Fcomments&post=7899"}],"version-history":[{"count":1,"href":"https:\/\/encuentroinformativo.com.mx\/index.php?rest_route=\/wp\/v2\/posts\/7899\/revisions"}],"predecessor-version":[{"id":7901,"href":"https:\/\/encuentroinformativo.com.mx\/index.php?rest_route=\/wp\/v2\/posts\/7899\/revisions\/7901"}],"wp:featuredmedia":[{"embeddable":true,"href":"https:\/\/encuentroinformativo.com.mx\/index.php?rest_route=\/wp\/v2\/media\/7900"}],"wp:attachment":[{"href":"https:\/\/encuentroinformativo.com.mx\/index.php?rest_route=%2Fwp%2Fv2%2Fmedia&parent=7899"}],"wp:term":[{"taxonomy":"category","embeddable":true,"href":"https:\/\/encuentroinformativo.com.mx\/index.php?rest_route=%2Fwp%2Fv2%2Fcategories&post=7899"},{"taxonomy":"post_tag","embeddable":true,"href":"https:\/\/encuentroinformativo.com.mx\/index.php?rest_route=%2Fwp%2Fv2%2Ftags&post=7899"}],"curies":[{"name":"wp","href":"https:\/\/api.w.org\/{rel}","templated":true}]}}