{"id":7902,"date":"2020-11-10T20:46:25","date_gmt":"2020-11-11T02:46:25","guid":{"rendered":"https:\/\/encuentroinformativo.com.mx\/?p=7902"},"modified":"2020-11-10T20:46:28","modified_gmt":"2020-11-11T02:46:28","slug":"niega-alcalde-orden-de-aprehension-en-contra-del-cabildo","status":"publish","type":"post","link":"https:\/\/encuentroinformativo.com.mx\/?p=7902","title":{"rendered":"Niega alcalde orden de aprehensi\u00f3n en contra del Cabildo"},"content":{"rendered":"\n<p><strong>Alejandro \u00c1vila<\/strong><\/p>\n\n\n\n<p>Veracruz Ver.- El alcalde de Veracruz, Fernando Yunes M\u00e1rquez neg\u00f3 que exista una orden de aprehensi\u00f3n en su contra, al igual que del resto de los ediles del Cabildo porte\u00f1o, por parte del Tribunal Estatal de Conciliaci\u00f3n y Arbitraje (TECA).<\/p>\n\n\n\n<p>El edil panista aclar\u00f3 que se trata de un procedimiento de laudo donde se condena al Ayuntamiento a su cargo a pagar.&nbsp;<\/p>\n\n\n\n<p>Explic\u00f3 que por protocolo se interpone un amparo, ante el cual el TECA emite una orden de presentaci\u00f3n al juridico del Ayuntamiento para dirimir la situaci\u00f3n.<\/p>\n\n\n\n<p>&#8220;El TECA lo que hace es una orden de presentaci\u00f3n, no es una orden de arresto, por lo pronto el termino orden de arresto nisiquiera existe, es orden de aprehensi\u00f3n, es completamente ridiculo. Nosotros siempre por procedimiento se pone un amparo, se deja una garant\u00eda de dos mil pesos por cada edil, y el d\u00eda de ma\u00f1ana (miercoles), como ya est\u00e1 acordado con la Secretaria del Tribunal, se hace el primer pago a esta persona que gan\u00f3 el laudo&#8221;, declar\u00f3 Yunes M\u00e1rquez.<\/p>\n\n\n\n<p>El monto que dej\u00f3 el Ayuntamiento de Veracruz como garant\u00eda es de 30 mil pesos al considerar que el Cabildo porte\u00f1o cuenta con 15 ediles.<\/p>\n\n\n\n<p>Finalmente, ser\u00e1 la Sindica, Alma Aida Lamadrid Rodr\u00edguez y su equipo de trabajo, quienes posterior a la reuni\u00f3n de este miercoles 11 de junio en el TECA, acuerden con el demandante en que tiempo y cual ser\u00e1 el monto mensual a pagar por parte del Ayuntamiento de Veracruz al ex trabajador que gan\u00f3 el juicio laboral 592\/2013\/IV.<\/p>\n","protected":false},"excerpt":{"rendered":"<p>Alejandro \u00c1vila Veracruz Ver.- El alcalde de Veracruz, Fernando Yunes M\u00e1rquez neg\u00f3 que exista una orden de aprehensi\u00f3n en su contra, al igual que del resto de los ediles del Cabildo porte\u00f1o, por parte del Tribunal Estatal de Conciliaci\u00f3n y Arbitraje (TECA). El edil panista aclar\u00f3 que se trata de un procedimiento de laudo donde [&hellip;]<\/p>\n","protected":false},"author":1,"featured_media":7903,"comment_status":"open","ping_status":"open","sticky":false,"template":"","format":"standard","meta":{"_jetpack_memberships_contains_paid_content":false,"footnotes":""},"categories":[2],"tags":[],"class_list":["post-7902","post","type-post","status-publish","format-standard","has-post-thumbnail","hentry","category-estado"],"jetpack_featured_media_url":"https:\/\/encuentroinformativo.com.mx\/wp-content\/uploads\/2020\/11\/EB63598D-8A57-4340-A671-75A0CDAA0CFE.jpeg","jetpack_sharing_enabled":true,"jetpack_likes_enabled":true,"amp_enabled":true,"_links":{"self":[{"href":"https:\/\/encuentroinformativo.com.mx\/index.php?rest_route=\/wp\/v2\/posts\/7902","targetHints":{"allow":["GET"]}}],"collection":[{"href":"https:\/\/encuentroinformativo.com.mx\/index.php?rest_route=\/wp\/v2\/posts"}],"about":[{"href":"https:\/\/encuentroinformativo.com.mx\/index.php?rest_route=\/wp\/v2\/types\/post"}],"author":[{"embeddable":true,"href":"https:\/\/encuentroinformativo.com.mx\/index.php?rest_route=\/wp\/v2\/users\/1"}],"replies":[{"embeddable":true,"href":"https:\/\/encuentroinformativo.com.mx\/index.php?rest_route=%2Fwp%2Fv2%2Fcomments&post=7902"}],"version-history":[{"count":1,"href":"https:\/\/encuentroinformativo.com.mx\/index.php?rest_route=\/wp\/v2\/posts\/7902\/revisions"}],"predecessor-version":[{"id":7904,"href":"https:\/\/encuentroinformativo.com.mx\/index.php?rest_route=\/wp\/v2\/posts\/7902\/revisions\/7904"}],"wp:featuredmedia":[{"embeddable":true,"href":"https:\/\/encuentroinformativo.com.mx\/index.php?rest_route=\/wp\/v2\/media\/7903"}],"wp:attachment":[{"href":"https:\/\/encuentroinformativo.com.mx\/index.php?rest_route=%2Fwp%2Fv2%2Fmedia&parent=7902"}],"wp:term":[{"taxonomy":"category","embeddable":true,"href":"https:\/\/encuentroinformativo.com.mx\/index.php?rest_route=%2Fwp%2Fv2%2Fcategories&post=7902"},{"taxonomy":"post_tag","embeddable":true,"href":"https:\/\/encuentroinformativo.com.mx\/index.php?rest_route=%2Fwp%2Fv2%2Ftags&post=7902"}],"curies":[{"name":"wp","href":"https:\/\/api.w.org\/{rel}","templated":true}]}}