{"id":7912,"date":"2020-11-11T11:07:03","date_gmt":"2020-11-11T17:07:03","guid":{"rendered":"https:\/\/encuentroinformativo.com.mx\/?p=7912"},"modified":"2020-11-11T11:07:06","modified_gmt":"2020-11-11T17:07:06","slug":"veracruzano-nuevo-presidente-de-inmobiliarios-a-nivel-nacional","status":"publish","type":"post","link":"https:\/\/encuentroinformativo.com.mx\/?p=7912","title":{"rendered":"Veracruzano nuevo presidente de Inmobiliarios a nivel nacional"},"content":{"rendered":"\n<p><strong>Alejandro \u00c1vila<\/strong><\/p>\n\n\n\n<p>Veracruz, Ver.- La Asociaci\u00f3n Mexicana de Profesionales Inmobiliarios (AMPI) eligi\u00f3 al veracruzano Pedro Fern\u00e1ndez Mart\u00ednez, como su presidente a nivel nacional para el periodo 2021, debido a las buenas notas obtenidas en encuesta a sus pares estatales.<\/p>\n\n\n\n<p>Los l\u00edderes en las distinta regiones de la rep\u00fablica mexicana destacaron la labor realizar por Fern\u00e1ndez Mart\u00ednez en 2020 como vice presidente, quien a pesar de la crisis econ\u00f3mica por la pandemia de COVID-19, present\u00f3 proyectos para lograr la pronta recuperaci\u00f3n del sector, evitando dar quejas de sino soluciones.<\/p>\n\n\n\n<p>En ese sentido, el l\u00edder de la AMPI a nivel nacional, expuso que para el siguiente a\u00f1o y ya con m\u00e1s experiencia en el cargo, el compromiso es mayor, por lo que uno de sus principales ejes, ser\u00e1 profesionalizar conocimientos en cinco \u00e1reas: econom\u00eda, administraci\u00f3n, mercadolog\u00eda, jur\u00eddico y contable, con las cuales los profesionales inmobiliarios tendr\u00e1n la capacidad de brindar asesoramiento y ser m\u00e1s competitivos.<\/p>\n\n\n\n<p>Aunado a ello, buscar\u00e1 tambi\u00e9n que las licencias estatales inmobiliarias se conviertan en una realidad y que se busque la certificaci\u00f3n de los profesionales inmobiliarios, con el objetivo de evitar malas pr\u00e1cticas en la venta, renta o administraci\u00f3n de inmuebles.<\/p>\n\n\n\n<p>Pedro Fern\u00e1ndez, reconoci\u00f3 que uno de los retos del siguiente a\u00f1o, ser\u00e1 seguir fortaleciendo la uni\u00f3n de los profesionales de los bienes ra\u00edces e impulsarlos a reactivar la actividad.<\/p>\n\n\n\n<p>\u201cEs un honor poder representar a los inmobiliarios del pa\u00eds y poner el nombre de Veracruz en alto. Vamos a trabajar en consolidar la actividad inmobiliaria como un pilar del crecimiento econ\u00f3mico de M\u00e9xico\u201d, destac\u00f3.<\/p>\n","protected":false},"excerpt":{"rendered":"<p>Alejandro \u00c1vila Veracruz, Ver.- La Asociaci\u00f3n Mexicana de Profesionales Inmobiliarios (AMPI) eligi\u00f3 al veracruzano Pedro Fern\u00e1ndez Mart\u00ednez, como su presidente a nivel nacional para el periodo 2021, debido a las buenas notas obtenidas en encuesta a sus pares estatales. Los l\u00edderes en las distinta regiones de la rep\u00fablica mexicana destacaron la labor realizar por Fern\u00e1ndez [&hellip;]<\/p>\n","protected":false},"author":1,"featured_media":7913,"comment_status":"open","ping_status":"open","sticky":false,"template":"","format":"standard","meta":{"_jetpack_memberships_contains_paid_content":false,"footnotes":""},"categories":[2],"tags":[],"class_list":["post-7912","post","type-post","status-publish","format-standard","has-post-thumbnail","hentry","category-estado"],"jetpack_featured_media_url":"https:\/\/encuentroinformativo.com.mx\/wp-content\/uploads\/2020\/11\/484D99A0-2A00-4EEC-9609-B9457A1969A8.jpeg","jetpack_sharing_enabled":true,"jetpack_likes_enabled":true,"amp_enabled":true,"_links":{"self":[{"href":"https:\/\/encuentroinformativo.com.mx\/index.php?rest_route=\/wp\/v2\/posts\/7912","targetHints":{"allow":["GET"]}}],"collection":[{"href":"https:\/\/encuentroinformativo.com.mx\/index.php?rest_route=\/wp\/v2\/posts"}],"about":[{"href":"https:\/\/encuentroinformativo.com.mx\/index.php?rest_route=\/wp\/v2\/types\/post"}],"author":[{"embeddable":true,"href":"https:\/\/encuentroinformativo.com.mx\/index.php?rest_route=\/wp\/v2\/users\/1"}],"replies":[{"embeddable":true,"href":"https:\/\/encuentroinformativo.com.mx\/index.php?rest_route=%2Fwp%2Fv2%2Fcomments&post=7912"}],"version-history":[{"count":1,"href":"https:\/\/encuentroinformativo.com.mx\/index.php?rest_route=\/wp\/v2\/posts\/7912\/revisions"}],"predecessor-version":[{"id":7914,"href":"https:\/\/encuentroinformativo.com.mx\/index.php?rest_route=\/wp\/v2\/posts\/7912\/revisions\/7914"}],"wp:featuredmedia":[{"embeddable":true,"href":"https:\/\/encuentroinformativo.com.mx\/index.php?rest_route=\/wp\/v2\/media\/7913"}],"wp:attachment":[{"href":"https:\/\/encuentroinformativo.com.mx\/index.php?rest_route=%2Fwp%2Fv2%2Fmedia&parent=7912"}],"wp:term":[{"taxonomy":"category","embeddable":true,"href":"https:\/\/encuentroinformativo.com.mx\/index.php?rest_route=%2Fwp%2Fv2%2Fcategories&post=7912"},{"taxonomy":"post_tag","embeddable":true,"href":"https:\/\/encuentroinformativo.com.mx\/index.php?rest_route=%2Fwp%2Fv2%2Ftags&post=7912"}],"curies":[{"name":"wp","href":"https:\/\/api.w.org\/{rel}","templated":true}]}}