{"id":7917,"date":"2020-11-11T12:17:31","date_gmt":"2020-11-11T18:17:31","guid":{"rendered":"https:\/\/encuentroinformativo.com.mx\/?p=7917"},"modified":"2020-11-11T12:17:34","modified_gmt":"2020-11-11T18:17:34","slug":"no-habra-impunidad-en-homicidio-de-alcaldesa-gobernador","status":"publish","type":"post","link":"https:\/\/encuentroinformativo.com.mx\/?p=7917","title":{"rendered":"No habr\u00e1 impunidad en homicidio de alcaldesa: Gobernador"},"content":{"rendered":"\n<p><strong>Redacci\u00f3n\u00a0<\/strong><\/p>\n\n\n\n<p>Xalapa, Ver.- \u201cEn Veracruz se har\u00e1 justicia y en Veracruz se acab\u00f3 la impunidad\u201d, as\u00ed lo afirm\u00f3 el gobernador Cuitl\u00e1huac Garc\u00eda Jim\u00e9nez al hacer alusi\u00f3n al homicidio de la alcaldesa de Jamapa Florisel R\u00edos.<\/p>\n\n\n\n<p>En conferencia de prensa, transmitida v\u00eda redes sociales y acompa\u00f1ado de la fiscal Ver\u00f3nica Hern\u00e1ndez y el secretario de Gobierno Eric Cisneros, el ejecutivo estatal defendi\u00f3 el trabajo efectuado por la Fiscal\u00eda General del Estado por lo que dijo confiar en que los hechos ser\u00e1n esclarecidos.&nbsp;<\/p>\n\n\n\n<p>\u201cHemos solicitado a la Fiscal\u00eda General del Estado acelerar las investigaciones en torno a este hecho para dar con los responsables\u2026 en Veracruz se han dado muestras claras de que aqu\u00ed no habr\u00e1 impunidad. Independientemente de que en el municipio de Jamapa est\u00e1n procesos penales en curso contra funcionarios y exfuncionarios de ese municipio no vamos a permitir que nadie est\u00e9 por encima de las investigaciones\u201d.<\/p>\n\n\n\n<p>Nadie est\u00e9 tratando de sacar provecho, dijo, de una situaci\u00f3n compleja pero muy apegada a derecho ni con fines pol\u00edticos, ni con fines particulares, vamos a dar con los responsables.&nbsp;<\/p>\n\n\n\n<p>Garc\u00eda Jim\u00e9nez record\u00f3 que el homicidio de la alcaldesa de Mixtla de Altamirano, Maricela Vallejo y sus acompa\u00f1antes fue esclarecido, por lo que insisti\u00f3 en enaltecer el trabajo que realiza la Fiscal\u00eda.&nbsp;<\/p>\n\n\n\n<p>\u201cLa fiscal actual fue quien determin\u00f3 a trav\u00e9s de las investigaciones quienes fueron los responsables\u2026 por eso confiamos ahora en la actuaci\u00f3n de la Fiscal\u00eda, que de manera aut\u00f3noma va a determinar qui\u00e9nes son los responsables de este homicidio y se dar\u00e1 con ellos, caiga quien caiga\u201d.<\/p>\n\n\n\n<p>Cabe recordar que hace apenas unos d\u00edas, alcaldes perredistas acusaron a las autoridades estatales de estar recibiendo amenazas de los propios funcionarios del gabinete, adem\u00e1s de que en Jamapa liberaron \u00f3rdenes de aprehensi\u00f3n en contra de distintos funcionarios municipales incluyendo el esposo de la alcaldesa quien ocupaba un espacio en el DIF y actualmente se encuentra en calidad de pr\u00f3fugo.&nbsp;<\/p>\n","protected":false},"excerpt":{"rendered":"<p>Redacci\u00f3n\u00a0 Xalapa, Ver.- \u201cEn Veracruz se har\u00e1 justicia y en Veracruz se acab\u00f3 la impunidad\u201d, as\u00ed lo afirm\u00f3 el gobernador Cuitl\u00e1huac Garc\u00eda Jim\u00e9nez al hacer alusi\u00f3n al homicidio de la alcaldesa de Jamapa Florisel R\u00edos. En conferencia de prensa, transmitida v\u00eda redes sociales y acompa\u00f1ado de la fiscal Ver\u00f3nica Hern\u00e1ndez y el secretario de Gobierno [&hellip;]<\/p>\n","protected":false},"author":1,"featured_media":7918,"comment_status":"open","ping_status":"open","sticky":false,"template":"","format":"standard","meta":{"_jetpack_memberships_contains_paid_content":false,"footnotes":""},"categories":[2],"tags":[],"class_list":["post-7917","post","type-post","status-publish","format-standard","has-post-thumbnail","hentry","category-estado"],"jetpack_featured_media_url":"https:\/\/encuentroinformativo.com.mx\/wp-content\/uploads\/2020\/11\/712DB159-17EB-45D8-9257-564357F5F533.jpeg","jetpack_sharing_enabled":true,"jetpack_likes_enabled":true,"amp_enabled":true,"_links":{"self":[{"href":"https:\/\/encuentroinformativo.com.mx\/index.php?rest_route=\/wp\/v2\/posts\/7917","targetHints":{"allow":["GET"]}}],"collection":[{"href":"https:\/\/encuentroinformativo.com.mx\/index.php?rest_route=\/wp\/v2\/posts"}],"about":[{"href":"https:\/\/encuentroinformativo.com.mx\/index.php?rest_route=\/wp\/v2\/types\/post"}],"author":[{"embeddable":true,"href":"https:\/\/encuentroinformativo.com.mx\/index.php?rest_route=\/wp\/v2\/users\/1"}],"replies":[{"embeddable":true,"href":"https:\/\/encuentroinformativo.com.mx\/index.php?rest_route=%2Fwp%2Fv2%2Fcomments&post=7917"}],"version-history":[{"count":1,"href":"https:\/\/encuentroinformativo.com.mx\/index.php?rest_route=\/wp\/v2\/posts\/7917\/revisions"}],"predecessor-version":[{"id":7919,"href":"https:\/\/encuentroinformativo.com.mx\/index.php?rest_route=\/wp\/v2\/posts\/7917\/revisions\/7919"}],"wp:featuredmedia":[{"embeddable":true,"href":"https:\/\/encuentroinformativo.com.mx\/index.php?rest_route=\/wp\/v2\/media\/7918"}],"wp:attachment":[{"href":"https:\/\/encuentroinformativo.com.mx\/index.php?rest_route=%2Fwp%2Fv2%2Fmedia&parent=7917"}],"wp:term":[{"taxonomy":"category","embeddable":true,"href":"https:\/\/encuentroinformativo.com.mx\/index.php?rest_route=%2Fwp%2Fv2%2Fcategories&post=7917"},{"taxonomy":"post_tag","embeddable":true,"href":"https:\/\/encuentroinformativo.com.mx\/index.php?rest_route=%2Fwp%2Fv2%2Ftags&post=7917"}],"curies":[{"name":"wp","href":"https:\/\/api.w.org\/{rel}","templated":true}]}}