{"id":7923,"date":"2020-11-11T13:38:42","date_gmt":"2020-11-11T19:38:42","guid":{"rendered":"https:\/\/encuentroinformativo.com.mx\/?p=7923"},"modified":"2020-11-11T13:38:45","modified_gmt":"2020-11-11T19:38:45","slug":"demandan-armonizar-ley-de-salud-en-veracruz","status":"publish","type":"post","link":"https:\/\/encuentroinformativo.com.mx\/?p=7923","title":{"rendered":"Demandan armonizar Ley de Salud en Veracruz"},"content":{"rendered":"\n<p><strong>Dar\u00edo Pale <\/strong><\/p>\n\n\n\n<p>Xalapa, Ver.- El Licenciado V\u00edctor Manuel Flores Hern\u00e1ndez solicit\u00f3 al gobernador del estado Cuitl\u00e1huac Garc\u00eda Jim\u00e9nez que es urgente la armonizaci\u00f3n de la Ley de Salud en Veracruz, la cual debe ser en concordancia y similares a la ley general de salud.<\/p>\n\n\n\n<p>En conferencia de prensa realizada en conocido caf\u00e9 del centro de Xalapa, se\u00f1al\u00f3 que con base en la Constituci\u00f3n Pol\u00edtica de los Estados Unidos Mexicanos mandata la armonizaci\u00f3n legislativa y la cual es responsabilidad exclusiva del poder Legislativo en las diferentes entidades federativas del pa\u00eds.<\/p>\n\n\n\n<p>Por lo que con el objeto de la armonizaci\u00f3n legislativa la cual conlleva implementar un proceso legislativo para que se hagan compatibles las normas jur\u00eddicas con otros, que busquen los mismos objetivos ya que deben estar coordinadas con las leyes generales o federales aprobadas por el Congreso de la uni\u00f3n.<\/p>\n\n\n\n<p>Dio a conocer que la ley de Salud del estado de Veracruz publicada en la gaceta oficial el 17 de mayo de 1988 ha tenido reformas importantes siendo las m\u00e1s recientes la del 4 de febrero del 2020, no obstante cabe se\u00f1alar que a 8 a\u00f1os de la reforma de la fracci\u00f3n IV del art\u00edculo 4 de la Ley General de Salud en Veracruz, en el estado no se ha llevado a cabo la armonizaci\u00f3n de la misma.<\/p>\n\n\n\n<p>Por lo anterior se deriva que el poder legislativo fue omiso para entrar al estudio y an\u00e1lisis de los art\u00edculos cuyos contenidos son trascendentales en la vigilancia del cumplimiento de la ley general de salud, de esta ley \u00a0de las dem\u00e1s disposiciones legales que de ella se deriven.<\/p>\n\n\n\n<p>Finalmente solicitaron al gobernador que &#8220;es urgente y necesario la armonizaci\u00f3n de la Ley de Salud en el estado de Veracruz, misma que debe ser en plena concordancia y similares a la Ley General de Salud y leyes locales en materia de Salud de las entidades federativas del pa\u00eds&#8221;.<\/p>\n","protected":false},"excerpt":{"rendered":"<p>Dar\u00edo Pale Xalapa, Ver.- El Licenciado V\u00edctor Manuel Flores Hern\u00e1ndez solicit\u00f3 al gobernador del estado Cuitl\u00e1huac Garc\u00eda Jim\u00e9nez que es urgente la armonizaci\u00f3n de la Ley de Salud en Veracruz, la cual debe ser en concordancia y similares a la ley general de salud. En conferencia de prensa realizada en conocido caf\u00e9 del centro de [&hellip;]<\/p>\n","protected":false},"author":1,"featured_media":7924,"comment_status":"open","ping_status":"open","sticky":false,"template":"","format":"standard","meta":{"_jetpack_memberships_contains_paid_content":false,"footnotes":""},"categories":[9],"tags":[],"class_list":["post-7923","post","type-post","status-publish","format-standard","has-post-thumbnail","hentry","category-salud"],"jetpack_featured_media_url":"https:\/\/encuentroinformativo.com.mx\/wp-content\/uploads\/2020\/11\/8C7738E8-FFE2-4A22-9627-F0218A0948FE.jpeg","jetpack_sharing_enabled":true,"jetpack_likes_enabled":true,"amp_enabled":true,"_links":{"self":[{"href":"https:\/\/encuentroinformativo.com.mx\/index.php?rest_route=\/wp\/v2\/posts\/7923","targetHints":{"allow":["GET"]}}],"collection":[{"href":"https:\/\/encuentroinformativo.com.mx\/index.php?rest_route=\/wp\/v2\/posts"}],"about":[{"href":"https:\/\/encuentroinformativo.com.mx\/index.php?rest_route=\/wp\/v2\/types\/post"}],"author":[{"embeddable":true,"href":"https:\/\/encuentroinformativo.com.mx\/index.php?rest_route=\/wp\/v2\/users\/1"}],"replies":[{"embeddable":true,"href":"https:\/\/encuentroinformativo.com.mx\/index.php?rest_route=%2Fwp%2Fv2%2Fcomments&post=7923"}],"version-history":[{"count":1,"href":"https:\/\/encuentroinformativo.com.mx\/index.php?rest_route=\/wp\/v2\/posts\/7923\/revisions"}],"predecessor-version":[{"id":7925,"href":"https:\/\/encuentroinformativo.com.mx\/index.php?rest_route=\/wp\/v2\/posts\/7923\/revisions\/7925"}],"wp:featuredmedia":[{"embeddable":true,"href":"https:\/\/encuentroinformativo.com.mx\/index.php?rest_route=\/wp\/v2\/media\/7924"}],"wp:attachment":[{"href":"https:\/\/encuentroinformativo.com.mx\/index.php?rest_route=%2Fwp%2Fv2%2Fmedia&parent=7923"}],"wp:term":[{"taxonomy":"category","embeddable":true,"href":"https:\/\/encuentroinformativo.com.mx\/index.php?rest_route=%2Fwp%2Fv2%2Fcategories&post=7923"},{"taxonomy":"post_tag","embeddable":true,"href":"https:\/\/encuentroinformativo.com.mx\/index.php?rest_route=%2Fwp%2Fv2%2Ftags&post=7923"}],"curies":[{"name":"wp","href":"https:\/\/api.w.org\/{rel}","templated":true}]}}