{"id":7926,"date":"2020-11-11T14:10:07","date_gmt":"2020-11-11T20:10:07","guid":{"rendered":"https:\/\/encuentroinformativo.com.mx\/?p=7926"},"modified":"2020-11-11T14:10:10","modified_gmt":"2020-11-11T20:10:10","slug":"faltan-programas-para-prevenir-violencia-contra-mujeres-lagunes","status":"publish","type":"post","link":"https:\/\/encuentroinformativo.com.mx\/?p=7926","title":{"rendered":"Faltan programas para prevenir violencia contra mujeres: Lagunes"},"content":{"rendered":"\n<p><strong>Juan Arcos <\/strong><\/p>\n\n\n\n<p>Xalapa, Ver.- Los feminicidio son la c\u00faspide o el punto m\u00e1s alto de la violencia machista en la sociedad, consider\u00f3 Myriam Lagunes Mar\u00edn, integrante del Sistema Estatal para Prevenir, Atender, Sancionar y Erradicar la Violencia contra las Mujeres.<\/p>\n\n\n\n<p>La feminista destac\u00f3 que han incrementado las agresiones contra las mujeres durante la pandemia del SARS-COV-2 (COVID-19) por la falta de acciones y programas de prevenci\u00f3n.<\/p>\n\n\n\n<p>\u201cLos feminicidios son como la c\u00faspide, el punto m\u00e1s alto de violencia machista, qu\u00e9 sucede con lo que va antes, las violaciones de mujeres, de ni\u00f1as, las agresiones\u201d.<\/p>\n\n\n\n<p>La entrevistada ejemplific\u00f3 que la falta de pago de pensi\u00f3n alimenticia tambi\u00e9n es considerada una agresi\u00f3n, toda vez que pone en riesgo la vida de menores.<\/p>\n\n\n\n<p>A su juicio, en Xalapa ha bajado el \u00edndice de violencia contra las mujeres, gracias al trabajo constante del Instituto Municipal de las Mujeres.<\/p>\n\n\n\n<p>\u201cPor eso necesitamos que el Instituto Veracruzano de las Mujeres trabaje bien, a la par de los dem\u00e1s institutos, porque muchas veces es la primera instancia a donde acuden las mujeres\u201d.<\/p>\n\n\n\n<p>En ese sentido, record\u00f3 que, aunque no es su principal funci\u00f3n, los institutos municipales de las mujeres brindan asesor\u00eda legal, de servicio social y psicol\u00f3gico.<\/p>\n\n\n\n<p>Finalmente, Myriam Lagunes enfatiz\u00f3 que si dichos institutos estuviesen fortalecidos, hab\u00eda un menor n\u00famero de mujeres en situaci\u00f3n de indefensi\u00f3n.<\/p>\n","protected":false},"excerpt":{"rendered":"<p>Juan Arcos Xalapa, Ver.- Los feminicidio son la c\u00faspide o el punto m\u00e1s alto de la violencia machista en la sociedad, consider\u00f3 Myriam Lagunes Mar\u00edn, integrante del Sistema Estatal para Prevenir, Atender, Sancionar y Erradicar la Violencia contra las Mujeres. La feminista destac\u00f3 que han incrementado las agresiones contra las mujeres durante la pandemia del [&hellip;]<\/p>\n","protected":false},"author":1,"featured_media":7927,"comment_status":"open","ping_status":"open","sticky":false,"template":"","format":"standard","meta":{"_jetpack_memberships_contains_paid_content":false,"footnotes":""},"categories":[3],"tags":[],"class_list":["post-7926","post","type-post","status-publish","format-standard","has-post-thumbnail","hentry","category-xalapa"],"jetpack_featured_media_url":"https:\/\/encuentroinformativo.com.mx\/wp-content\/uploads\/2020\/11\/0F300919-6590-4300-A9F0-FD692465C37F.jpeg","jetpack_sharing_enabled":true,"jetpack_likes_enabled":true,"amp_enabled":true,"_links":{"self":[{"href":"https:\/\/encuentroinformativo.com.mx\/index.php?rest_route=\/wp\/v2\/posts\/7926","targetHints":{"allow":["GET"]}}],"collection":[{"href":"https:\/\/encuentroinformativo.com.mx\/index.php?rest_route=\/wp\/v2\/posts"}],"about":[{"href":"https:\/\/encuentroinformativo.com.mx\/index.php?rest_route=\/wp\/v2\/types\/post"}],"author":[{"embeddable":true,"href":"https:\/\/encuentroinformativo.com.mx\/index.php?rest_route=\/wp\/v2\/users\/1"}],"replies":[{"embeddable":true,"href":"https:\/\/encuentroinformativo.com.mx\/index.php?rest_route=%2Fwp%2Fv2%2Fcomments&post=7926"}],"version-history":[{"count":1,"href":"https:\/\/encuentroinformativo.com.mx\/index.php?rest_route=\/wp\/v2\/posts\/7926\/revisions"}],"predecessor-version":[{"id":7928,"href":"https:\/\/encuentroinformativo.com.mx\/index.php?rest_route=\/wp\/v2\/posts\/7926\/revisions\/7928"}],"wp:featuredmedia":[{"embeddable":true,"href":"https:\/\/encuentroinformativo.com.mx\/index.php?rest_route=\/wp\/v2\/media\/7927"}],"wp:attachment":[{"href":"https:\/\/encuentroinformativo.com.mx\/index.php?rest_route=%2Fwp%2Fv2%2Fmedia&parent=7926"}],"wp:term":[{"taxonomy":"category","embeddable":true,"href":"https:\/\/encuentroinformativo.com.mx\/index.php?rest_route=%2Fwp%2Fv2%2Fcategories&post=7926"},{"taxonomy":"post_tag","embeddable":true,"href":"https:\/\/encuentroinformativo.com.mx\/index.php?rest_route=%2Fwp%2Fv2%2Ftags&post=7926"}],"curies":[{"name":"wp","href":"https:\/\/api.w.org\/{rel}","templated":true}]}}