{"id":7932,"date":"2020-11-11T15:52:23","date_gmt":"2020-11-11T21:52:23","guid":{"rendered":"https:\/\/encuentroinformativo.com.mx\/?p=7932"},"modified":"2020-11-11T15:52:27","modified_gmt":"2020-11-11T21:52:27","slug":"cmas-no-atiende-fugas-en-las-fuentes-se-quejan-vecinos","status":"publish","type":"post","link":"https:\/\/encuentroinformativo.com.mx\/?p=7932","title":{"rendered":"CMAS no atiende fugas en Las Fuentes, se quejan vecinos"},"content":{"rendered":"\n<p><strong>Juan Arcos <\/strong><\/p>\n\n\n\n<p>Xalapa, Ver.- Vecinos del fraccionamiento Las Fuentes denunciaron que desde el pasado 6 de noviembre se registr\u00f3 una fuga de agua sobre la calle Fuentes del Salvador y, hasta el momento, el problema persiste.<\/p>\n\n\n\n<p>La gente report\u00f3 dicha situaci\u00f3n a la Comisi\u00f3n Municipal de Agua y Saneamiento de Xalapa (CMAS), para que fuera atendido lo antes posible y evitar la p\u00e9rdida del l\u00edquido.<\/p>\n\n\n\n<p>\u201cEs un p\u00e9simo servicio y este a\u00f1o hubo muchos tandeos por supuesta falta de agua, pero aqu\u00ed en la unidad cada mes hay una fuga por calle\u201d.<\/p>\n\n\n\n<p>Los vecinos comentaron que el viernes pasado enviaron un video a CMAS para mostrar la fuga de agua.<\/p>\n\n\n\n<p>El personal de CMAS acudi\u00f3 al lugar para realizar las reparaciones correspondientes; sin embargo, la fuga contin\u00faa.\u00a0<\/p>\n\n\n\n<p>\u201cVinieron y lo arreglaron, la fuga sigue, es menor, pero sigue. Hasta el d\u00eda de hoy no han venido a tapar o componer la fuga de agua\u201d.<br>Recientemente, fue revelada la situaci\u00f3n financiera de CMAS y la crisis que la ha orillado al borde de la quiebra.<\/p>\n\n\n\n<p>Los vecinos temen que la crisis econ\u00f3mica de CMAS haya influido en que los trabajadores utilicen materiales de \u201cp\u00e9sima\u201d calidad.\u00a0<br>Por tal motivo, los pobladores pidieron a las autoridades de CMAS que mejoren su servicio, toda vez que muchas personas contin\u00faa pagando mensualmente sus recibos.<\/p>\n\n\n\n<p>\u201cPorque utilizan p\u00e9simos materiales y porque los trabajadores no est\u00e1n bien capacitados para hacer su trabajo\u201d, remataron.<\/p>\n","protected":false},"excerpt":{"rendered":"<p>Juan Arcos Xalapa, Ver.- Vecinos del fraccionamiento Las Fuentes denunciaron que desde el pasado 6 de noviembre se registr\u00f3 una fuga de agua sobre la calle Fuentes del Salvador y, hasta el momento, el problema persiste. La gente report\u00f3 dicha situaci\u00f3n a la Comisi\u00f3n Municipal de Agua y Saneamiento de Xalapa (CMAS), para que fuera [&hellip;]<\/p>\n","protected":false},"author":1,"featured_media":7933,"comment_status":"open","ping_status":"open","sticky":false,"template":"","format":"standard","meta":{"_jetpack_memberships_contains_paid_content":false,"footnotes":""},"categories":[3],"tags":[],"class_list":["post-7932","post","type-post","status-publish","format-standard","has-post-thumbnail","hentry","category-xalapa"],"jetpack_featured_media_url":"https:\/\/encuentroinformativo.com.mx\/wp-content\/uploads\/2020\/11\/D7B4F400-DFD7-4344-8737-D1F7911A9835.jpeg","jetpack_sharing_enabled":true,"jetpack_likes_enabled":true,"amp_enabled":true,"_links":{"self":[{"href":"https:\/\/encuentroinformativo.com.mx\/index.php?rest_route=\/wp\/v2\/posts\/7932","targetHints":{"allow":["GET"]}}],"collection":[{"href":"https:\/\/encuentroinformativo.com.mx\/index.php?rest_route=\/wp\/v2\/posts"}],"about":[{"href":"https:\/\/encuentroinformativo.com.mx\/index.php?rest_route=\/wp\/v2\/types\/post"}],"author":[{"embeddable":true,"href":"https:\/\/encuentroinformativo.com.mx\/index.php?rest_route=\/wp\/v2\/users\/1"}],"replies":[{"embeddable":true,"href":"https:\/\/encuentroinformativo.com.mx\/index.php?rest_route=%2Fwp%2Fv2%2Fcomments&post=7932"}],"version-history":[{"count":1,"href":"https:\/\/encuentroinformativo.com.mx\/index.php?rest_route=\/wp\/v2\/posts\/7932\/revisions"}],"predecessor-version":[{"id":7934,"href":"https:\/\/encuentroinformativo.com.mx\/index.php?rest_route=\/wp\/v2\/posts\/7932\/revisions\/7934"}],"wp:featuredmedia":[{"embeddable":true,"href":"https:\/\/encuentroinformativo.com.mx\/index.php?rest_route=\/wp\/v2\/media\/7933"}],"wp:attachment":[{"href":"https:\/\/encuentroinformativo.com.mx\/index.php?rest_route=%2Fwp%2Fv2%2Fmedia&parent=7932"}],"wp:term":[{"taxonomy":"category","embeddable":true,"href":"https:\/\/encuentroinformativo.com.mx\/index.php?rest_route=%2Fwp%2Fv2%2Fcategories&post=7932"},{"taxonomy":"post_tag","embeddable":true,"href":"https:\/\/encuentroinformativo.com.mx\/index.php?rest_route=%2Fwp%2Fv2%2Ftags&post=7932"}],"curies":[{"name":"wp","href":"https:\/\/api.w.org\/{rel}","templated":true}]}}