{"id":7940,"date":"2020-11-11T17:22:50","date_gmt":"2020-11-11T23:22:50","guid":{"rendered":"https:\/\/encuentroinformativo.com.mx\/?p=7940"},"modified":"2020-11-11T17:23:08","modified_gmt":"2020-11-11T23:23:08","slug":"morena-va-en-alianza-con-pt-y-pvem-sergio-gutierrez","status":"publish","type":"post","link":"https:\/\/encuentroinformativo.com.mx\/?p=7940","title":{"rendered":"Morena va en alianza con PT y PVEM: Sergio Guti\u00e9rrez"},"content":{"rendered":"\n<p><strong>Alejandro \u00c1vila<\/strong><\/p>\n\n\n\n<p>Veracruz, Ver.- La noche de este martes qued\u00f3 confirmado que MORENA ir\u00e1 en alianza con el PT y el PVEM para las elecciones que se llevar\u00e1n a cabo en la entidad veracruzana en 2021, confirm\u00f3 Sergio Guti\u00e9rrez Luna, representante de MORENA en el INE.<\/p>\n\n\n\n<p>El tambi\u00e9n diputado federal fue nombrado por MORENA apenas el pasado viernes y r\u00e1pidamente plasm\u00f3 su experiencia como litigante electoral y procesos electorales en marcha, a fin de lograr acuerdos que beneficien al partido que representa en los siguientes comicios.<\/p>\n\n\n\n<p>Guti\u00e9rrez Luna recalc\u00f3 que era inminente la rapidez en su actuar, pues este martes era el \u00faltimo d\u00eda para registrar ante el INE las alianzas a nivel federal, tal como ya lo hicieron en Estados como Guerrero y San Luis Potos\u00ed, de la misma manera, coment\u00f3 que esperan lograr el mismo acuerdo en Nuevo Le\u00f3n.<\/p>\n\n\n\n<p>Aclar\u00f3 que el trabajo contin\u00faa, pues ser\u00e1 entre el 19 y 28 de enero cuando se defina si los partidos para las elecciones locales de Veracruz van solos o en alianza; pero asegur\u00f3 que se tiene toda la intenci\u00f3n de continuar el proyecto con PVEM y PT en la entidad.<\/p>\n\n\n\n<p>\u201cEn Veracruz esperamos ir en unos 10 d\u00edas, ahorita iniciamos la semana verificando c\u00f3mo se encuentran los 32 OPLES en todo el pa\u00eds, as\u00ed como las representaciones ante las juntas locales del INE, en diciembre se abrir\u00e1n los 300 consejos distritales donde tambi\u00e9n tendremos representaci\u00f3n y todo eso vamos a estar organizando desde la representaci\u00f3n del INE\u201d, apunt\u00f3.<\/p>\n\n\n\n<p>El Legislador federal, dijo que a pesar de haber sido nombrado recientemente por Mario Delgado para esta encomienda en beneficio del partido MORENA, \u00e9l continuar\u00e1 trabajando a la par en su curul pues de esa forma tambi\u00e9n rinde apoyo a la ciudadan\u00eda.<\/p>\n","protected":false},"excerpt":{"rendered":"<p>Alejandro \u00c1vila Veracruz, Ver.- La noche de este martes qued\u00f3 confirmado que MORENA ir\u00e1 en alianza con el PT y el PVEM para las elecciones que se llevar\u00e1n a cabo en la entidad veracruzana en 2021, confirm\u00f3 Sergio Guti\u00e9rrez Luna, representante de MORENA en el INE. El tambi\u00e9n diputado federal fue nombrado por MORENA apenas [&hellip;]<\/p>\n","protected":false},"author":1,"featured_media":7941,"comment_status":"open","ping_status":"open","sticky":false,"template":"","format":"standard","meta":{"_jetpack_memberships_contains_paid_content":false,"footnotes":""},"categories":[2],"tags":[],"class_list":["post-7940","post","type-post","status-publish","format-standard","has-post-thumbnail","hentry","category-estado"],"jetpack_featured_media_url":"https:\/\/encuentroinformativo.com.mx\/wp-content\/uploads\/2020\/11\/D5144C1C-1EF9-4166-85C8-6503BA7D71EF.jpeg","jetpack_sharing_enabled":true,"jetpack_likes_enabled":true,"amp_enabled":true,"_links":{"self":[{"href":"https:\/\/encuentroinformativo.com.mx\/index.php?rest_route=\/wp\/v2\/posts\/7940","targetHints":{"allow":["GET"]}}],"collection":[{"href":"https:\/\/encuentroinformativo.com.mx\/index.php?rest_route=\/wp\/v2\/posts"}],"about":[{"href":"https:\/\/encuentroinformativo.com.mx\/index.php?rest_route=\/wp\/v2\/types\/post"}],"author":[{"embeddable":true,"href":"https:\/\/encuentroinformativo.com.mx\/index.php?rest_route=\/wp\/v2\/users\/1"}],"replies":[{"embeddable":true,"href":"https:\/\/encuentroinformativo.com.mx\/index.php?rest_route=%2Fwp%2Fv2%2Fcomments&post=7940"}],"version-history":[{"count":1,"href":"https:\/\/encuentroinformativo.com.mx\/index.php?rest_route=\/wp\/v2\/posts\/7940\/revisions"}],"predecessor-version":[{"id":7942,"href":"https:\/\/encuentroinformativo.com.mx\/index.php?rest_route=\/wp\/v2\/posts\/7940\/revisions\/7942"}],"wp:featuredmedia":[{"embeddable":true,"href":"https:\/\/encuentroinformativo.com.mx\/index.php?rest_route=\/wp\/v2\/media\/7941"}],"wp:attachment":[{"href":"https:\/\/encuentroinformativo.com.mx\/index.php?rest_route=%2Fwp%2Fv2%2Fmedia&parent=7940"}],"wp:term":[{"taxonomy":"category","embeddable":true,"href":"https:\/\/encuentroinformativo.com.mx\/index.php?rest_route=%2Fwp%2Fv2%2Fcategories&post=7940"},{"taxonomy":"post_tag","embeddable":true,"href":"https:\/\/encuentroinformativo.com.mx\/index.php?rest_route=%2Fwp%2Fv2%2Ftags&post=7940"}],"curies":[{"name":"wp","href":"https:\/\/api.w.org\/{rel}","templated":true}]}}