{"id":7943,"date":"2020-11-11T18:06:41","date_gmt":"2020-11-12T00:06:41","guid":{"rendered":"https:\/\/encuentroinformativo.com.mx\/?p=7943"},"modified":"2020-11-11T18:06:44","modified_gmt":"2020-11-12T00:06:44","slug":"marta-montero-suplente-de-florisel-rios-asumiria-alcaldia-de-jamapa","status":"publish","type":"post","link":"https:\/\/encuentroinformativo.com.mx\/?p=7943","title":{"rendered":"Marta Montero suplente de Florisel R\u00edos asumir\u00eda alcald\u00eda de Jamapa"},"content":{"rendered":"\n<p><strong>Alejandro \u00c1vila<\/strong><\/p>\n\n\n\n<p>Jamapa, Ver.- El Ayuntamiento de Jamapa cerrar\u00e1 sus puertas a partir de este jueves 12 de noviembre y hasta el martes 17 de noviembre volver\u00e1 a dar atenci\u00f3n ciudadana, esto debido al lamentable asesinato de la alcaldesa Florisel R\u00edos Delf\u00edn, la ma\u00f1ana de este miercoles en una localidad del municipio de Medell\u00edn de Bravo.<\/p>\n\n\n\n<p>El s\u00edndico del Ayuntamiento, Julio C\u00e9sar Sosa Villalvazo, quien lament\u00f3 lo sucedido y dijo estar al igual que sus compa\u00f1eros en &#8220;shock&#8221;, mencion\u00f3 que este jueves a las 10 horas sostendr\u00e1 una reuni\u00f3n con el resto de los ediles &#8211; dos regidores-, as\u00ed como con los directores del Jur\u00eddico y de Contralor\u00eda Municipal, para organizar la administraci\u00f3n y para ponerse a disposici\u00f3n del Congreso del Estado, con respecto a la suplencia del cargo.<\/p>\n\n\n\n<p>Marta Montero Villalvazo, es la suplente de la finada alcaldesa, y ser\u00e1 quien deber\u00e1 tomar en breve protesta como nueva presidenta municipal, de acuerdo a los tiempos y lineamientos que emita el Congreso del Estado de Veracruz.<\/p>\n\n\n\n<p>&#8220;En este caso desconozco como lo va a manejar el Congreso, eso ma\u00f1ana lo vamos a platicar, se tiene que citar al diputado local y a los dem\u00e1s diputados, para que ellos nos den las pautas a seguir, porque fue una situaci\u00f3n muy abrupta, muy sorpresiva, y yo creo que van a llamar inmediatamente a la suplente, yo tengo esa hipotesis&#8221;, expres\u00f3 el edil de extracci\u00f3n priista.<\/p>\n\n\n\n<p>La reuni\u00f3n que sostendr\u00e1 la &#8220;columna vertebral&#8221; del Ayuntamiento jamape\u00f1o, est\u00e1 programada para las 10 horas de este jueves 12 de noviembre a puerta cerrada, donde posterior a ella dar\u00e1n notificaci\u00f3n de lo platicado al Congreso del Estado.<\/p>\n\n\n\n<p>Los restos de la ex alcaldesa Florisel R\u00edos Delf\u00edn ser\u00e1n velados desde este miercoles por la noche en su rancho &#8220;El Rinc\u00f3n&#8221; ubicado en la misma localidad, a menos de dos kilometro de la cabecera municipal, y se espera que su cuerpo sea enterrado este jueves en horario por definir en el pante\u00f3n de la ciudad de Jamapa.<\/p>\n","protected":false},"excerpt":{"rendered":"<p>Alejandro \u00c1vila Jamapa, Ver.- El Ayuntamiento de Jamapa cerrar\u00e1 sus puertas a partir de este jueves 12 de noviembre y hasta el martes 17 de noviembre volver\u00e1 a dar atenci\u00f3n ciudadana, esto debido al lamentable asesinato de la alcaldesa Florisel R\u00edos Delf\u00edn, la ma\u00f1ana de este miercoles en una localidad del municipio de Medell\u00edn de [&hellip;]<\/p>\n","protected":false},"author":1,"featured_media":7944,"comment_status":"open","ping_status":"open","sticky":false,"template":"","format":"standard","meta":{"_jetpack_memberships_contains_paid_content":false,"footnotes":""},"categories":[2],"tags":[],"class_list":["post-7943","post","type-post","status-publish","format-standard","has-post-thumbnail","hentry","category-estado"],"jetpack_featured_media_url":"https:\/\/encuentroinformativo.com.mx\/wp-content\/uploads\/2020\/11\/C9ACB6F8-5E60-4849-AC92-F037921FDC35.jpeg","jetpack_sharing_enabled":true,"jetpack_likes_enabled":true,"amp_enabled":true,"_links":{"self":[{"href":"https:\/\/encuentroinformativo.com.mx\/index.php?rest_route=\/wp\/v2\/posts\/7943","targetHints":{"allow":["GET"]}}],"collection":[{"href":"https:\/\/encuentroinformativo.com.mx\/index.php?rest_route=\/wp\/v2\/posts"}],"about":[{"href":"https:\/\/encuentroinformativo.com.mx\/index.php?rest_route=\/wp\/v2\/types\/post"}],"author":[{"embeddable":true,"href":"https:\/\/encuentroinformativo.com.mx\/index.php?rest_route=\/wp\/v2\/users\/1"}],"replies":[{"embeddable":true,"href":"https:\/\/encuentroinformativo.com.mx\/index.php?rest_route=%2Fwp%2Fv2%2Fcomments&post=7943"}],"version-history":[{"count":1,"href":"https:\/\/encuentroinformativo.com.mx\/index.php?rest_route=\/wp\/v2\/posts\/7943\/revisions"}],"predecessor-version":[{"id":7945,"href":"https:\/\/encuentroinformativo.com.mx\/index.php?rest_route=\/wp\/v2\/posts\/7943\/revisions\/7945"}],"wp:featuredmedia":[{"embeddable":true,"href":"https:\/\/encuentroinformativo.com.mx\/index.php?rest_route=\/wp\/v2\/media\/7944"}],"wp:attachment":[{"href":"https:\/\/encuentroinformativo.com.mx\/index.php?rest_route=%2Fwp%2Fv2%2Fmedia&parent=7943"}],"wp:term":[{"taxonomy":"category","embeddable":true,"href":"https:\/\/encuentroinformativo.com.mx\/index.php?rest_route=%2Fwp%2Fv2%2Fcategories&post=7943"},{"taxonomy":"post_tag","embeddable":true,"href":"https:\/\/encuentroinformativo.com.mx\/index.php?rest_route=%2Fwp%2Fv2%2Ftags&post=7943"}],"curies":[{"name":"wp","href":"https:\/\/api.w.org\/{rel}","templated":true}]}}