{"id":7955,"date":"2020-11-12T11:54:07","date_gmt":"2020-11-12T17:54:07","guid":{"rendered":"https:\/\/encuentroinformativo.com.mx\/?p=7955"},"modified":"2020-11-12T11:54:10","modified_gmt":"2020-11-12T17:54:10","slug":"a-pesar-de-acusaciones-no-habra-cambios-en-el-gabinete-cuitlahuac-garcia","status":"publish","type":"post","link":"https:\/\/encuentroinformativo.com.mx\/?p=7955","title":{"rendered":"A pesar de acusaciones, no habr\u00e1 cambios en el gabinete: Cuitl\u00e1huac Garc\u00eda"},"content":{"rendered":"\n<p><strong>Redacci\u00f3n\u00a0<\/strong><\/p>\n\n\n\n<p>Xalapa, Ver.- El gobernador Cuitl\u00e1huac Garc\u00eda Jim\u00e9nez justific\u00f3 que los polic\u00edas municipales de Jamapa estaban desarmados debido a que no contaban con las acreditaciones necesarias, por lo que incluso acus\u00f3 que de forma reciente la alcaldesa Florisel R\u00edos apenas hab\u00eda enviado a los elementos a capacitarse a la Academia.<\/p>\n\n\n\n<p>En conferencia de prensa, el ejecutivo estatal neg\u00f3 que su gobierno haya dejado desprotegida en alg\u00fan momento a la alcaldesa ejecutada de Jamapa, por lo que insisti\u00f3 en que hab\u00eda diversas anomal\u00edas en esa regi\u00f3n, y que incluso fue su antecesor el gobernador Miguel \u00c1ngel Yunes quien elimin\u00f3 la delegaci\u00f3n de la Secretar\u00eda de Seguridad P\u00fablica ubicada en esa localidad.&nbsp;<\/p>\n\n\n\n<p>\u201cFue el gobierno anterior quien le retir\u00f3 la polic\u00eda estatal\u201d.<\/p>\n\n\n\n<p>Garc\u00eda Jim\u00e9nez se\u00f1al\u00f3 que fue debido a que la edil se neg\u00f3 a que su administraci\u00f3n cumpliera con el pago de la renta del inmueble que ocupaban que las autoridades decidieron retirar el m\u00f3dulo de ese lugar.<\/p>\n\n\n\n<p>Cuestionado sobre la posibilidad de que se realicen cambios en su gobierno ante el acontecimiento de Jamapa y las acusaciones directas hacia el secretario de Gobierno, Eric Cisneros, el gobernador Cuitl\u00e1huac Garc\u00eda reiter\u00f3 que no habr\u00e1 cambios y se\u00f1al\u00f3 su respaldo al trabajo efectuado por el responsable de la pol\u00edtica interna.&nbsp;<\/p>\n\n\n\n<p>-\u00bfHabr\u00e1 cambios en su gabinete?<\/p>\n\n\n\n<p>-No, no va haber ning\u00fan movimiento. Y menos con el secretario de Gobierno con los resultados que se tienen, enfatiz\u00f3.<\/p>\n","protected":false},"excerpt":{"rendered":"<p>Redacci\u00f3n\u00a0 Xalapa, Ver.- El gobernador Cuitl\u00e1huac Garc\u00eda Jim\u00e9nez justific\u00f3 que los polic\u00edas municipales de Jamapa estaban desarmados debido a que no contaban con las acreditaciones necesarias, por lo que incluso acus\u00f3 que de forma reciente la alcaldesa Florisel R\u00edos apenas hab\u00eda enviado a los elementos a capacitarse a la Academia. En conferencia de prensa, el [&hellip;]<\/p>\n","protected":false},"author":1,"featured_media":7956,"comment_status":"open","ping_status":"open","sticky":false,"template":"","format":"standard","meta":{"_jetpack_memberships_contains_paid_content":false,"footnotes":""},"categories":[2],"tags":[],"class_list":["post-7955","post","type-post","status-publish","format-standard","has-post-thumbnail","hentry","category-estado"],"jetpack_featured_media_url":"https:\/\/encuentroinformativo.com.mx\/wp-content\/uploads\/2020\/11\/ECBEB4F9-70D8-471D-99FF-6EC7F7CF29E2.jpeg","jetpack_sharing_enabled":true,"jetpack_likes_enabled":true,"amp_enabled":true,"_links":{"self":[{"href":"https:\/\/encuentroinformativo.com.mx\/index.php?rest_route=\/wp\/v2\/posts\/7955","targetHints":{"allow":["GET"]}}],"collection":[{"href":"https:\/\/encuentroinformativo.com.mx\/index.php?rest_route=\/wp\/v2\/posts"}],"about":[{"href":"https:\/\/encuentroinformativo.com.mx\/index.php?rest_route=\/wp\/v2\/types\/post"}],"author":[{"embeddable":true,"href":"https:\/\/encuentroinformativo.com.mx\/index.php?rest_route=\/wp\/v2\/users\/1"}],"replies":[{"embeddable":true,"href":"https:\/\/encuentroinformativo.com.mx\/index.php?rest_route=%2Fwp%2Fv2%2Fcomments&post=7955"}],"version-history":[{"count":1,"href":"https:\/\/encuentroinformativo.com.mx\/index.php?rest_route=\/wp\/v2\/posts\/7955\/revisions"}],"predecessor-version":[{"id":7957,"href":"https:\/\/encuentroinformativo.com.mx\/index.php?rest_route=\/wp\/v2\/posts\/7955\/revisions\/7957"}],"wp:featuredmedia":[{"embeddable":true,"href":"https:\/\/encuentroinformativo.com.mx\/index.php?rest_route=\/wp\/v2\/media\/7956"}],"wp:attachment":[{"href":"https:\/\/encuentroinformativo.com.mx\/index.php?rest_route=%2Fwp%2Fv2%2Fmedia&parent=7955"}],"wp:term":[{"taxonomy":"category","embeddable":true,"href":"https:\/\/encuentroinformativo.com.mx\/index.php?rest_route=%2Fwp%2Fv2%2Fcategories&post=7955"},{"taxonomy":"post_tag","embeddable":true,"href":"https:\/\/encuentroinformativo.com.mx\/index.php?rest_route=%2Fwp%2Fv2%2Ftags&post=7955"}],"curies":[{"name":"wp","href":"https:\/\/api.w.org\/{rel}","templated":true}]}}