{"id":7961,"date":"2020-11-12T14:16:12","date_gmt":"2020-11-12T20:16:12","guid":{"rendered":"https:\/\/encuentroinformativo.com.mx\/?p=7961"},"modified":"2020-11-12T14:16:14","modified_gmt":"2020-11-12T20:16:14","slug":"movimiento-magisterial-mantiene-reclamos-en-la-sev","status":"publish","type":"post","link":"https:\/\/encuentroinformativo.com.mx\/?p=7961","title":{"rendered":"Movimiento Magisterial mantiene reclamos en la SEV"},"content":{"rendered":"\n<p><strong>Juan Arcos <\/strong><\/p>\n\n\n\n<p>Xalapa, Ver.- Integrantes de la Coordinadora Nacional de Trabajadores de la Educaci\u00f3n (CNTE) y del Movimiento Magisterial Popular Veracruzano (MMPV) protestaron afuera de las oficinas centrales de la Secretar\u00eda de Educaci\u00f3n de Veracruz (SEV).<\/p>\n\n\n\n<p>Los docentes arribaron despu\u00e9s de las ocho de la ma\u00f1ana a las instalaciones de la dependencia estatal, ubicadas sobre la carretera federal Xalapa-Veracruz.<\/p>\n\n\n\n<p>Los inconformes exigieron que sean respetados los acuerdos tomados en mesas de trabajo con el presidente de la Rep\u00fablica, Andr\u00e9s Manuel L\u00f3pez Obrador.<\/p>\n\n\n\n<p>De acuerdo con el secretario general del MMPV, Daniel Hern\u00e1ndez del \u00c1ngel, uno de los temas expuestos al mandatario federal en reuni\u00f3n celebrada el pasado 9 de noviembre fue la operaci\u00f3n de financieras \u201cusureras\u201d.<\/p>\n\n\n\n<p>\u201cEn esta reuni\u00f3n que tuvimos hace tres d\u00edas, de manera personal expres\u00e9 a la m\u00e1xima autoridad del pa\u00eds, que en Veracruz las financieras usureras est\u00e1n da\u00f1ando el patrimonio de los maestros\u201d.<\/p>\n\n\n\n<p>Adem\u00e1s, acus\u00f3 que la Secretar\u00eda de Educaci\u00f3n de Veracruz est\u00e1 haciendo el \u201ctrabajo sucio\u201d de dichas empresas \u201ccorruptas\u201d.<\/p>\n\n\n\n<p>Por tal motivo, exigi\u00f3 al titular de SEV, Zenyazen Escobar Garc\u00eda, que sean liberadas las n\u00f3minas de los profesores, quienes han sido v\u00edctimas de descuentos excesivos en sus pagos.<\/p>\n\n\n\n<p>Cabe destacar que Daniel Hern\u00e1ndez del \u00c1ngel sufri\u00f3 un accidente carretero a la altura de la localidad El Lencero, municipio de Emiliano Zapata, cuando se dirig\u00eda a las oficinas centrales de la SEV para encabezar la protesta de la CNTE y del MMPV.<\/p>\n\n\n\n<p>El l\u00edder del MMPV fue trasladado a un hospital de la ciudad de Xalapa y se reporta estable.<\/p>\n","protected":false},"excerpt":{"rendered":"<p>Juan Arcos Xalapa, Ver.- Integrantes de la Coordinadora Nacional de Trabajadores de la Educaci\u00f3n (CNTE) y del Movimiento Magisterial Popular Veracruzano (MMPV) protestaron afuera de las oficinas centrales de la Secretar\u00eda de Educaci\u00f3n de Veracruz (SEV). Los docentes arribaron despu\u00e9s de las ocho de la ma\u00f1ana a las instalaciones de la dependencia estatal, ubicadas sobre [&hellip;]<\/p>\n","protected":false},"author":1,"featured_media":7962,"comment_status":"open","ping_status":"open","sticky":false,"template":"","format":"standard","meta":{"_jetpack_memberships_contains_paid_content":false,"footnotes":""},"categories":[3],"tags":[],"class_list":["post-7961","post","type-post","status-publish","format-standard","has-post-thumbnail","hentry","category-xalapa"],"jetpack_featured_media_url":"https:\/\/encuentroinformativo.com.mx\/wp-content\/uploads\/2020\/11\/ECD5EDED-FA33-4027-B981-A4AA7AD4CA17.jpeg","jetpack_sharing_enabled":true,"jetpack_likes_enabled":true,"amp_enabled":true,"_links":{"self":[{"href":"https:\/\/encuentroinformativo.com.mx\/index.php?rest_route=\/wp\/v2\/posts\/7961","targetHints":{"allow":["GET"]}}],"collection":[{"href":"https:\/\/encuentroinformativo.com.mx\/index.php?rest_route=\/wp\/v2\/posts"}],"about":[{"href":"https:\/\/encuentroinformativo.com.mx\/index.php?rest_route=\/wp\/v2\/types\/post"}],"author":[{"embeddable":true,"href":"https:\/\/encuentroinformativo.com.mx\/index.php?rest_route=\/wp\/v2\/users\/1"}],"replies":[{"embeddable":true,"href":"https:\/\/encuentroinformativo.com.mx\/index.php?rest_route=%2Fwp%2Fv2%2Fcomments&post=7961"}],"version-history":[{"count":1,"href":"https:\/\/encuentroinformativo.com.mx\/index.php?rest_route=\/wp\/v2\/posts\/7961\/revisions"}],"predecessor-version":[{"id":7963,"href":"https:\/\/encuentroinformativo.com.mx\/index.php?rest_route=\/wp\/v2\/posts\/7961\/revisions\/7963"}],"wp:featuredmedia":[{"embeddable":true,"href":"https:\/\/encuentroinformativo.com.mx\/index.php?rest_route=\/wp\/v2\/media\/7962"}],"wp:attachment":[{"href":"https:\/\/encuentroinformativo.com.mx\/index.php?rest_route=%2Fwp%2Fv2%2Fmedia&parent=7961"}],"wp:term":[{"taxonomy":"category","embeddable":true,"href":"https:\/\/encuentroinformativo.com.mx\/index.php?rest_route=%2Fwp%2Fv2%2Fcategories&post=7961"},{"taxonomy":"post_tag","embeddable":true,"href":"https:\/\/encuentroinformativo.com.mx\/index.php?rest_route=%2Fwp%2Fv2%2Ftags&post=7961"}],"curies":[{"name":"wp","href":"https:\/\/api.w.org\/{rel}","templated":true}]}}