{"id":7964,"date":"2020-11-12T16:28:54","date_gmt":"2020-11-12T22:28:54","guid":{"rendered":"https:\/\/encuentroinformativo.com.mx\/?p=7964"},"modified":"2020-11-12T16:28:57","modified_gmt":"2020-11-12T22:28:57","slug":"por-caso-jamapa-piden-renuncia-de-secretario-cisneros","status":"publish","type":"post","link":"https:\/\/encuentroinformativo.com.mx\/?p=7964","title":{"rendered":"Por caso Jamapa, piden renuncia de secretario Cisneros"},"content":{"rendered":"\n<p><strong>Alejandro \u00c1vila<\/strong><\/p>\n\n\n\n<p>Veracruz, Ver.- En rueda de prensa ofrecida este jueves en conocido hotel del Puerto de Veracruz, el dirigente nacional del Partido de la Revoluci\u00f3n Democr\u00e1tica (PRD), Jes\u00fas Zambrano Grijalva, exigi\u00f3 al gobernador Cuitl\u00e1huac Garc\u00eda Jim\u00e9nez, que retire de su cargo al secretario de Gobierno, Eric Patrocinio Cisneros Burgos.<\/p>\n\n\n\n<p>El l\u00edder nacional del &#8220;Sol Azteca&#8221;, dijo que el asesinato de la alcaldesa de Jamapa Florisel R\u00edos Delf\u00edn, es la \u00faltima muestra de su ineficacia en el cargo, y es algo que no se puede seguir repitiendo.<\/p>\n\n\n\n<p>Si bien el Ejecutivo Estatal neg\u00f3 en entrevista que vaya a separar de su cargo a Eric Cisneros, el perredista resalt\u00f3 que de no llevar a cabo esta acci\u00f3n, Garc\u00eda Jim\u00e9nez estar\u00eda siendo c\u00f3mplice de su mal desempe\u00f1o.<\/p>\n\n\n\n<p>&#8220;Si sigue sosteniendo a su secretario Eric Cisneros Burgos ser\u00e1 c\u00f3mplice, ya no s\u00f3lo por omisi\u00f3n, si no por encubrimiento de un acto criminal&#8221;, acus\u00f3.<\/p>\n\n\n\n<p>Finalmente, manifest\u00f3 que si los veracruzanos pensaron que no se pod\u00eda vivir peor que cuando gobernada Javier Duarte de Ochoa, la actual administraci\u00f3n estatal est\u00e1 demostrando que est\u00e1n superando los peores n\u00fameros en cuestiones de inseguridad.<\/p>\n","protected":false},"excerpt":{"rendered":"<p>Alejandro \u00c1vila Veracruz, Ver.- En rueda de prensa ofrecida este jueves en conocido hotel del Puerto de Veracruz, el dirigente nacional del Partido de la Revoluci\u00f3n Democr\u00e1tica (PRD), Jes\u00fas Zambrano Grijalva, exigi\u00f3 al gobernador Cuitl\u00e1huac Garc\u00eda Jim\u00e9nez, que retire de su cargo al secretario de Gobierno, Eric Patrocinio Cisneros Burgos. El l\u00edder nacional del &#8220;Sol [&hellip;]<\/p>\n","protected":false},"author":1,"featured_media":7965,"comment_status":"open","ping_status":"open","sticky":false,"template":"","format":"standard","meta":{"_jetpack_memberships_contains_paid_content":false,"footnotes":""},"categories":[2],"tags":[],"class_list":["post-7964","post","type-post","status-publish","format-standard","has-post-thumbnail","hentry","category-estado"],"jetpack_featured_media_url":"https:\/\/encuentroinformativo.com.mx\/wp-content\/uploads\/2020\/11\/CF793B6D-469D-4B93-9928-7441869ADD80.jpeg","jetpack_sharing_enabled":true,"jetpack_likes_enabled":true,"amp_enabled":true,"_links":{"self":[{"href":"https:\/\/encuentroinformativo.com.mx\/index.php?rest_route=\/wp\/v2\/posts\/7964","targetHints":{"allow":["GET"]}}],"collection":[{"href":"https:\/\/encuentroinformativo.com.mx\/index.php?rest_route=\/wp\/v2\/posts"}],"about":[{"href":"https:\/\/encuentroinformativo.com.mx\/index.php?rest_route=\/wp\/v2\/types\/post"}],"author":[{"embeddable":true,"href":"https:\/\/encuentroinformativo.com.mx\/index.php?rest_route=\/wp\/v2\/users\/1"}],"replies":[{"embeddable":true,"href":"https:\/\/encuentroinformativo.com.mx\/index.php?rest_route=%2Fwp%2Fv2%2Fcomments&post=7964"}],"version-history":[{"count":1,"href":"https:\/\/encuentroinformativo.com.mx\/index.php?rest_route=\/wp\/v2\/posts\/7964\/revisions"}],"predecessor-version":[{"id":7966,"href":"https:\/\/encuentroinformativo.com.mx\/index.php?rest_route=\/wp\/v2\/posts\/7964\/revisions\/7966"}],"wp:featuredmedia":[{"embeddable":true,"href":"https:\/\/encuentroinformativo.com.mx\/index.php?rest_route=\/wp\/v2\/media\/7965"}],"wp:attachment":[{"href":"https:\/\/encuentroinformativo.com.mx\/index.php?rest_route=%2Fwp%2Fv2%2Fmedia&parent=7964"}],"wp:term":[{"taxonomy":"category","embeddable":true,"href":"https:\/\/encuentroinformativo.com.mx\/index.php?rest_route=%2Fwp%2Fv2%2Fcategories&post=7964"},{"taxonomy":"post_tag","embeddable":true,"href":"https:\/\/encuentroinformativo.com.mx\/index.php?rest_route=%2Fwp%2Fv2%2Ftags&post=7964"}],"curies":[{"name":"wp","href":"https:\/\/api.w.org\/{rel}","templated":true}]}}