{"id":7967,"date":"2020-11-12T16:34:51","date_gmt":"2020-11-12T22:34:51","guid":{"rendered":"https:\/\/encuentroinformativo.com.mx\/?p=7967"},"modified":"2020-11-12T16:34:53","modified_gmt":"2020-11-12T22:34:53","slug":"amenazas-de-gobierno-no-callaran-a-alcaldes-lagunes-marin","status":"publish","type":"post","link":"https:\/\/encuentroinformativo.com.mx\/?p=7967","title":{"rendered":"Amenazas de Gobierno no callar\u00e1n a alcaldes: Lagunes Mar\u00edn"},"content":{"rendered":"\n<p><strong>Alejandro \u00c1vila<\/strong><\/p>\n\n\n\n<p>Veracruz, Ver.- El hostigamiento y amenazas que han denunciado los alcaldes de oposici\u00f3n en la entidad veracruzana, no ser\u00e1 motivo o excusa para callar sus denuncias ante la mala praxis que realiza el Gobierno del Estado de Veracruz, se\u00f1al\u00f3 el alcalde de San Rafael, Luis Daniel Lagunes Mar\u00edn.<\/p>\n\n\n\n<p>El edil perredista considero el asesinato de su homologa en Jamapa como, &#8220;la gota que derram\u00f3 el vaso&#8221;, y si bien reconocio, ahora m\u00e1s que nunca temen por sus vidas, resalt\u00f3 que es ahora m\u00e1s importante no callarse cuando reciban amenazas.<\/p>\n\n\n\n<p>&#8220;Nos han amenazado a trav\u00e9s del secretario de gobierno Eric Cisneros, a trav\u00e9s de la Fiscal\u00eda General del Estado, del ORFIS y nos han amenazado con crearnos cualquier tipo de delito para desaforarnos (\u2026) la muerte de la alcaldesa es la gota que colma el vaso, aunque podemos tener temor por la seguridad de nuestras familias, es mucho m\u00e1s el coraje y el deseo de que Florisel reciba justicia (\u2026) no estamos dispuestos a callar ni un momento m\u00e1s &#8220;, asest\u00f3.<\/p>\n\n\n\n<p>En ese sentido, acus\u00f3 se contin\u00faa desarmando a las Polic\u00edas Municipales de los Ayuntamientos de oposici\u00f3n, sobre todo, en los m\u00e1s peque\u00f1os y manipulables, donde el gobierno en turno ejerce m\u00e1s presi\u00f3n.<\/p>\n\n\n\n<p>Ante esta situaci\u00f3n, los alcaldes perredistas acudieron a la C\u00e1mara de Diputados a nivel federal, para que a trav\u00e9s de sus partidarios, se denuncie esta situaci\u00f3n y se busque un respaldo y solici\u00f3n.<\/p>\n","protected":false},"excerpt":{"rendered":"<p>Alejandro \u00c1vila Veracruz, Ver.- El hostigamiento y amenazas que han denunciado los alcaldes de oposici\u00f3n en la entidad veracruzana, no ser\u00e1 motivo o excusa para callar sus denuncias ante la mala praxis que realiza el Gobierno del Estado de Veracruz, se\u00f1al\u00f3 el alcalde de San Rafael, Luis Daniel Lagunes Mar\u00edn. El edil perredista considero el [&hellip;]<\/p>\n","protected":false},"author":1,"featured_media":7968,"comment_status":"open","ping_status":"open","sticky":false,"template":"","format":"standard","meta":{"_jetpack_memberships_contains_paid_content":false,"footnotes":""},"categories":[2],"tags":[],"class_list":["post-7967","post","type-post","status-publish","format-standard","has-post-thumbnail","hentry","category-estado"],"jetpack_featured_media_url":"https:\/\/encuentroinformativo.com.mx\/wp-content\/uploads\/2020\/11\/9AD5C1A4-D887-46E7-B3ED-56F76FAB65EB.jpeg","jetpack_sharing_enabled":true,"jetpack_likes_enabled":true,"amp_enabled":true,"_links":{"self":[{"href":"https:\/\/encuentroinformativo.com.mx\/index.php?rest_route=\/wp\/v2\/posts\/7967","targetHints":{"allow":["GET"]}}],"collection":[{"href":"https:\/\/encuentroinformativo.com.mx\/index.php?rest_route=\/wp\/v2\/posts"}],"about":[{"href":"https:\/\/encuentroinformativo.com.mx\/index.php?rest_route=\/wp\/v2\/types\/post"}],"author":[{"embeddable":true,"href":"https:\/\/encuentroinformativo.com.mx\/index.php?rest_route=\/wp\/v2\/users\/1"}],"replies":[{"embeddable":true,"href":"https:\/\/encuentroinformativo.com.mx\/index.php?rest_route=%2Fwp%2Fv2%2Fcomments&post=7967"}],"version-history":[{"count":1,"href":"https:\/\/encuentroinformativo.com.mx\/index.php?rest_route=\/wp\/v2\/posts\/7967\/revisions"}],"predecessor-version":[{"id":7969,"href":"https:\/\/encuentroinformativo.com.mx\/index.php?rest_route=\/wp\/v2\/posts\/7967\/revisions\/7969"}],"wp:featuredmedia":[{"embeddable":true,"href":"https:\/\/encuentroinformativo.com.mx\/index.php?rest_route=\/wp\/v2\/media\/7968"}],"wp:attachment":[{"href":"https:\/\/encuentroinformativo.com.mx\/index.php?rest_route=%2Fwp%2Fv2%2Fmedia&parent=7967"}],"wp:term":[{"taxonomy":"category","embeddable":true,"href":"https:\/\/encuentroinformativo.com.mx\/index.php?rest_route=%2Fwp%2Fv2%2Fcategories&post=7967"},{"taxonomy":"post_tag","embeddable":true,"href":"https:\/\/encuentroinformativo.com.mx\/index.php?rest_route=%2Fwp%2Fv2%2Ftags&post=7967"}],"curies":[{"name":"wp","href":"https:\/\/api.w.org\/{rel}","templated":true}]}}