{"id":7977,"date":"2020-11-12T17:28:11","date_gmt":"2020-11-12T23:28:11","guid":{"rendered":"https:\/\/encuentroinformativo.com.mx\/?p=7977"},"modified":"2020-11-12T17:28:14","modified_gmt":"2020-11-12T23:28:14","slug":"sera-reto-logistico-transportar-la-vacuna-contra-covid","status":"publish","type":"post","link":"https:\/\/encuentroinformativo.com.mx\/?p=7977","title":{"rendered":"Ser\u00e1 reto log\u00edstico transportar la vacuna contra COVID"},"content":{"rendered":"\n<p><strong>Alejandro \u00c1vila<\/strong><\/p>\n\n\n\n<p>Veracruz, Ver.- La transportaci\u00f3n de la vacuna contra el coronavirus ser\u00e1 un reto log\u00edstico importante para quienes se dedican al comercio internacional, se\u00f1al\u00f3 Manuel Reynaud Agiss, presidente de la Asociaci\u00f3n de Agentes Aduanales del Puerto de Veracruz.<\/p>\n\n\n\n<p>Aunque es com\u00fan el manejo de mercanc\u00edas refrigeradas y congeladas, resalt\u00f3 que ser\u00e1 todo un reto.&nbsp;<\/p>\n\n\n\n<p>&#8220;Ahora viene un reto muy importante y muy interesante log\u00edsticamente hablando que va a ser el tema de la vacuna. Ya est\u00e1 en proceso de fabricaci\u00f3n y su transportaci\u00f3n va a ser un reto muy importante para los que se dedican a la parte de la log\u00edstica internacional por las medidas de prevenci\u00f3n y precauci\u00f3n en su transportaci\u00f3n, en el control de la temperatura que debe llevar&#8221;.<\/p>\n\n\n\n<p>Mencion\u00f3 que seguramente la mayor parte de vacunas ser\u00e1 trasladada por aire, pero los puertos y agencias aduanales tendr\u00e1n un papel importante; aunque los embarques de este tipo se concentrar\u00e1n en los aeropuertos de la Ciudad M\u00e9xico, Monterrey y Guadalajara.<\/p>\n\n\n\n<p>Por otro lado habl\u00f3 de la recuperaci\u00f3n ante las afectaciones que ocasion\u00f3 el coronavirus.<\/p>\n\n\n\n<p>Dijo que la mayor afectaci\u00f3n se dio en el primer semestre y a partir de la segunda mitad de 2020 comenz\u00f3 la mejor\u00eda, principalmente para el sector automotriz, que ha presentado un aumento en la carga del 4 por ciento.<\/p>\n","protected":false},"excerpt":{"rendered":"<p>Alejandro \u00c1vila Veracruz, Ver.- La transportaci\u00f3n de la vacuna contra el coronavirus ser\u00e1 un reto log\u00edstico importante para quienes se dedican al comercio internacional, se\u00f1al\u00f3 Manuel Reynaud Agiss, presidente de la Asociaci\u00f3n de Agentes Aduanales del Puerto de Veracruz. Aunque es com\u00fan el manejo de mercanc\u00edas refrigeradas y congeladas, resalt\u00f3 que ser\u00e1 todo un reto.&nbsp; [&hellip;]<\/p>\n","protected":false},"author":1,"featured_media":7978,"comment_status":"open","ping_status":"open","sticky":false,"template":"","format":"standard","meta":{"_jetpack_memberships_contains_paid_content":false,"footnotes":""},"categories":[9],"tags":[],"class_list":["post-7977","post","type-post","status-publish","format-standard","has-post-thumbnail","hentry","category-salud"],"jetpack_featured_media_url":"https:\/\/encuentroinformativo.com.mx\/wp-content\/uploads\/2020\/11\/3BEC1580-7AFC-4461-95BA-4E7EC07B7185.jpeg","jetpack_sharing_enabled":true,"jetpack_likes_enabled":true,"amp_enabled":true,"_links":{"self":[{"href":"https:\/\/encuentroinformativo.com.mx\/index.php?rest_route=\/wp\/v2\/posts\/7977","targetHints":{"allow":["GET"]}}],"collection":[{"href":"https:\/\/encuentroinformativo.com.mx\/index.php?rest_route=\/wp\/v2\/posts"}],"about":[{"href":"https:\/\/encuentroinformativo.com.mx\/index.php?rest_route=\/wp\/v2\/types\/post"}],"author":[{"embeddable":true,"href":"https:\/\/encuentroinformativo.com.mx\/index.php?rest_route=\/wp\/v2\/users\/1"}],"replies":[{"embeddable":true,"href":"https:\/\/encuentroinformativo.com.mx\/index.php?rest_route=%2Fwp%2Fv2%2Fcomments&post=7977"}],"version-history":[{"count":1,"href":"https:\/\/encuentroinformativo.com.mx\/index.php?rest_route=\/wp\/v2\/posts\/7977\/revisions"}],"predecessor-version":[{"id":7979,"href":"https:\/\/encuentroinformativo.com.mx\/index.php?rest_route=\/wp\/v2\/posts\/7977\/revisions\/7979"}],"wp:featuredmedia":[{"embeddable":true,"href":"https:\/\/encuentroinformativo.com.mx\/index.php?rest_route=\/wp\/v2\/media\/7978"}],"wp:attachment":[{"href":"https:\/\/encuentroinformativo.com.mx\/index.php?rest_route=%2Fwp%2Fv2%2Fmedia&parent=7977"}],"wp:term":[{"taxonomy":"category","embeddable":true,"href":"https:\/\/encuentroinformativo.com.mx\/index.php?rest_route=%2Fwp%2Fv2%2Fcategories&post=7977"},{"taxonomy":"post_tag","embeddable":true,"href":"https:\/\/encuentroinformativo.com.mx\/index.php?rest_route=%2Fwp%2Fv2%2Ftags&post=7977"}],"curies":[{"name":"wp","href":"https:\/\/api.w.org\/{rel}","templated":true}]}}