{"id":7980,"date":"2020-11-13T09:30:44","date_gmt":"2020-11-13T15:30:44","guid":{"rendered":"https:\/\/encuentroinformativo.com.mx\/?p=7980"},"modified":"2020-11-13T09:30:47","modified_gmt":"2020-11-13T15:30:47","slug":"miguel-chiquito-se-destapa-a-finales-de-mes","status":"publish","type":"post","link":"https:\/\/encuentroinformativo.com.mx\/?p=7980","title":{"rendered":"MIGUEL CHIQUITO SE DESTAPA A FINALES DE MES"},"content":{"rendered":"\n<p><strong>+ Zenyazen logra 91 millones para dignificaci\u00f3n de escuelas<br>+ El Papa Francisco &#8220;interviene&#8221; en pol\u00edtica de EEUU.<br>+ \u00a1OILO!&#8230; Carvallo hablando de farsantes.<br><br><em>Hubiese ayudado m\u00e1s una renuncia que una conferencia de prensa, pero bueno&#8230;<br>&#8211;Chopenjawer<\/em><\/strong><br><br>Los yunistas no bajan la guardia. Ser\u00e1 a finales de este mes cuando de plano se destape oficialmente Miguel \u00c1ngel Yunes M\u00e1rquez a la alcald\u00eda de Veracruz, seg\u00fan comentan en el puerto.<\/p>\n\n\n\n<p>Se sabe que ya comenzaron a convocar a los equipos y comenzar\u00e1n a recolectar y asegurar votos, por lo que &#8220;Miguel Chiquito&#8221; &#8211;el orgullo del patriarca&#8211; se abrir\u00e1 de capa a fines de noviembre.<\/p>\n\n\n\n<p>En este sentido, ya se ven a regidores, directores y legisladores afines al Yunismo buscando a los militantes panistas que en su momento los apoyaron para advertirles que no crean la versi\u00f3n de Joaqu\u00edn Guzm\u00e1n Avil\u00e9s, dirigente estatal del PAN, porque &#8220;Miguel Chiquito&#8221; (seg\u00fan sus fans) s\u00ed puede ser candidato a la alcald\u00eda del puerto.<\/p>\n\n\n\n<p>A saber: en conferencia de prensa realizada el pasado lunes 2 de noviembre, el dirigente estatal del blanquiazul expres\u00f3 que &#8220;para nosotros es importante que todos los candidatos cumplan con los requisitos legales, todos los candidatos que sean por Acci\u00f3n Nacional tendr\u00e1n que cumplir con los requisitos de acuerdo como lo marca la ley, no hay otra, no sabemos si (Miguel Chiquito) tiene la posibilidad de ser candidato eso precisamente se tendr\u00eda que ver en su momento, si cumple adelante, si no cumple lo siento mucho&#8221;.<\/p>\n\n\n\n<p>Hace como 6 d\u00edas, a trav\u00e9s de redes sociales, los yunistas movilizaron al un\u00edsono un texto donde seg\u00fan argumentan que s\u00ed puede ser candidato porque tiene residencia efectiva de 3 a\u00f1os a partir del 6 de junio de 2019. En otro punto establecen que la credencial de elector no es un criterio para determinar la residencia efectiva y que Boca del R\u00edo es conurbado del municipio de Veracruz.<\/p>\n\n\n\n<p>Ya encarrerados como ratones y que inguesumare el gato (tu no, mi Beto), andan diciendo que tentativamente habr\u00e1 elecciones internas en diciembre, por lo que est\u00e1n prometiendo entrega puntual de despensas.<\/p>\n\n\n\n<p>Sobre el dato del &#8220;destape&#8221; a fin de mes, tambi\u00e9n est\u00e1n dici\u00e9ndole a la fanaticada que Miguel \u00c1ngel Yunes M\u00e1rquez tendr\u00e1 una reuni\u00f3n con la militancia que a\u00fan lo apoya para calmarlos y reiterar su inter\u00e9s en la candidatura a la que van con todo.<\/p>\n\n\n\n<p>Cabe mencionar que parte de la clase pol\u00edtica de Veracruz ve todav\u00eda con buenos ojos a Fernando Yunes; incluso, m\u00e1s que su propio hermano, quien seguramente busca el pr\u00f3ximo cargo de elecci\u00f3n popular para inyectarse \u00e1nimos para volver a competir por la gubernatura de 2024 y sacarse la espinita de haber perdido contra MORENA.<\/p>\n\n\n\n<p>\u00bfLe suena conocido? S\u00ed, la misma historia del pap\u00e1 cuando perdi\u00f3 ante Javier Duarte y lo termin\u00f3 derrotando junto al candidato\/primo H\u00e9ctor Yunes.<\/p>\n\n\n\n<p>En teor\u00eda tienen en contra a todo el PAN tradicional del puerto, que ya est\u00e1 y\u00e9ndose a operar para la campa\u00f1a de Bingen Rementer\u00eda, a quien le ven un futuro m\u00e1s promisorio que a Miguel. Pero adem\u00e1s se sabe que el fondo es que ya est\u00e1n cansados de los Yunes, de los malos tratos y de la manera en que quieren seguir incrust\u00e1ndose en el poder.<\/p>\n\n\n\n<p>Dicen los malpensados que tan poca suerte le ven a &#8220;Miguel Chiquito&#8221; que hasta la diputada Maryjose Gamboa ya est\u00e1 m\u00e1s enamorada de Campeche que de Veracruz, y en una de esas hasta se cambia de estado.<\/p>\n\n\n\n<p><strong>NOTA PARA PEGAR EN EL REFRI:<\/strong>&nbsp;La Secretar\u00eda de Educaci\u00f3n de Veracruz (SEV) a trav\u00e9s del Instituto de Espacios Educativos del Estado de Veracruz (IEEV), logr\u00f3 ante el Instituto Nacional de la Infraestructura F\u00edsica Educativa (INIFED) 91 millones de pesos adicionales al presente ejercicio, para invertir en el mejoramiento y dignificaci\u00f3n de las escuelas de los diferentes niveles. El secretario de Educaci\u00f3n de Veracruz, Zenyazen Escobar Garc\u00eda, y el director del IEEV, Ricardo Garc\u00eda Jim\u00e9nez, sostuvieron reuni\u00f3n con funcionarios del INIFED, para la gesti\u00f3n de los recursos. Estos consisten en 41 millones de pesos que se invertir\u00e1n en educaci\u00f3n superior, de esta manera las y los j\u00f3venes estudiar\u00e1n en las condiciones adecuadas. Adem\u00e1s se lograron 50 millones de pesos para el mantenimiento de las escuelas del resto de los niveles, para que cuando las y los estudiantes regresen a clases presenciales, cuenten con mejores instalaciones. Escobar Garc\u00eda se\u00f1al\u00f3 que por instrucciones del gobernador Cuitl\u00e1huac Garc\u00eda Jim\u00e9nez, seguir\u00e1 trabajando y gestionando recursos ante el Gobierno de M\u00e9xico para la mejora de la infraestructura escolar y revertir rezagos que persisten por el abandono en que se encontraban las instituciones p\u00fablicas de la entidad.<\/p>\n\n\n\n<p><strong>OTRA NOTA:&nbsp;<\/strong>Que su santidad el Papa Francisco felicit\u00f3 al presidente electo de Estados Unidos, Joe Biden, en una llamada telef\u00f3nica, donde tambi\u00e9n le dio la bendici\u00f3n (el mandatario electo gringo es cat\u00f3lico). Lo anterior lo dio a conocer el equipo de transici\u00f3n del futuro mandatario dem\u00f3crata en un comunicado, seg\u00fan la agencia France-Presse (AFP)&#8230; \u00a1Ah, ese Papa intervencionista!<\/p>\n\n\n\n<p><strong>LA \u00daLTIMA PORQUE TITI LLEGA A CASA LUEGO DE CIRUG\u00cdA:<\/strong>\u00a0Ayer se puso bueno el mitote en el Feis del periodista Jos\u00e9 Ortiz Medina, director de\u00a0<a href=\"http:\/\/versiones.com.mx\/\">Versiones.com.mx<\/a>, quien public\u00f3\u00a0<a href=\"outlook-data-detector:\/\/4\">este jueves<\/a>\u00a0un &#8220;aguijonazo&#8221; dedicado al priista de la m\u00e1s reciente nefasta generaci\u00f3n Jorge Carvallo Delf\u00edn: &#8220;Ya supimos que Jorge Carvallo est\u00e1 operando bastante bien&#8230; \u00a1pero a favor de Morena!&#8221;&#8230; Lo anterior caus\u00f3 la reacci\u00f3n del exfuncionario estatal, hoy l\u00edder charro de ca\u00f1eros, quien lleg\u00f3 a acusar de farsante al periodista&#8230; Ora si como dicen los chavos de ahora: \u00a1OILO!, si hasta el propio pap\u00e1 de Jorgito lo desenmascar\u00f3 diciendo que el vato ni siquiera es veracruzano, sino originario del DF. Pa&#8217; vato.<\/p>\n\n\n\n<p><strong>@pablojair<\/strong><\/p>\n","protected":false},"excerpt":{"rendered":"<p>+ Zenyazen logra 91 millones para dignificaci\u00f3n de escuelas+ El Papa Francisco &#8220;interviene&#8221; en pol\u00edtica de EEUU.+ \u00a1OILO!&#8230; Carvallo hablando de farsantes. Hubiese ayudado m\u00e1s una renuncia que una conferencia de prensa, pero bueno&#8230;&#8211;Chopenjawer Los yunistas no bajan la guardia. Ser\u00e1 a finales de este mes cuando de plano se destape oficialmente Miguel \u00c1ngel Yunes [&hellip;]<\/p>\n","protected":false},"author":1,"featured_media":488,"comment_status":"open","ping_status":"open","sticky":false,"template":"","format":"standard","meta":{"_jetpack_memberships_contains_paid_content":false,"footnotes":""},"categories":[11],"tags":[],"class_list":["post-7980","post","type-post","status-publish","format-standard","has-post-thumbnail","hentry","category-opinion"],"jetpack_featured_media_url":"https:\/\/encuentroinformativo.com.mx\/wp-content\/uploads\/2020\/03\/F471F608-BA1A-416B-BA7B-BCFB24F4E6D0.jpeg","jetpack_sharing_enabled":true,"jetpack_likes_enabled":true,"amp_enabled":true,"_links":{"self":[{"href":"https:\/\/encuentroinformativo.com.mx\/index.php?rest_route=\/wp\/v2\/posts\/7980","targetHints":{"allow":["GET"]}}],"collection":[{"href":"https:\/\/encuentroinformativo.com.mx\/index.php?rest_route=\/wp\/v2\/posts"}],"about":[{"href":"https:\/\/encuentroinformativo.com.mx\/index.php?rest_route=\/wp\/v2\/types\/post"}],"author":[{"embeddable":true,"href":"https:\/\/encuentroinformativo.com.mx\/index.php?rest_route=\/wp\/v2\/users\/1"}],"replies":[{"embeddable":true,"href":"https:\/\/encuentroinformativo.com.mx\/index.php?rest_route=%2Fwp%2Fv2%2Fcomments&post=7980"}],"version-history":[{"count":1,"href":"https:\/\/encuentroinformativo.com.mx\/index.php?rest_route=\/wp\/v2\/posts\/7980\/revisions"}],"predecessor-version":[{"id":7981,"href":"https:\/\/encuentroinformativo.com.mx\/index.php?rest_route=\/wp\/v2\/posts\/7980\/revisions\/7981"}],"wp:featuredmedia":[{"embeddable":true,"href":"https:\/\/encuentroinformativo.com.mx\/index.php?rest_route=\/wp\/v2\/media\/488"}],"wp:attachment":[{"href":"https:\/\/encuentroinformativo.com.mx\/index.php?rest_route=%2Fwp%2Fv2%2Fmedia&parent=7980"}],"wp:term":[{"taxonomy":"category","embeddable":true,"href":"https:\/\/encuentroinformativo.com.mx\/index.php?rest_route=%2Fwp%2Fv2%2Fcategories&post=7980"},{"taxonomy":"post_tag","embeddable":true,"href":"https:\/\/encuentroinformativo.com.mx\/index.php?rest_route=%2Fwp%2Fv2%2Ftags&post=7980"}],"curies":[{"name":"wp","href":"https:\/\/api.w.org\/{rel}","templated":true}]}}