{"id":8001,"date":"2020-11-13T14:54:22","date_gmt":"2020-11-13T20:54:22","guid":{"rendered":"https:\/\/encuentroinformativo.com.mx\/?p=8001"},"modified":"2020-11-13T14:54:25","modified_gmt":"2020-11-13T20:54:25","slug":"empresarios-esperan-repunte-con-el-buen-fin","status":"publish","type":"post","link":"https:\/\/encuentroinformativo.com.mx\/?p=8001","title":{"rendered":"Empresarios esperan repunte con el Buen Fin"},"content":{"rendered":"\n<p><strong>Dar\u00edo Pale <\/strong><\/p>\n\n\n\n<p>Xalapa, Ver.- Se espera un crecimiento de la econom\u00eda con el Buen Fin y que esto pueda repuntar este fin de semana \u201cde quincena\u201d, as\u00ed lo se\u00f1al\u00f3 el\u00a0presidente de la C\u00e1mara de Comercio (Canaco) Xalapa Bernardo Mart\u00ednez R\u00edos.<\/p>\n\n\n\n<p>Entrevistado previo al recorrido realizado en comercios del centro de la ciudad, acompa\u00f1ado por el secretario de Seguridad P\u00fablica Hugo Guti\u00e9rrez Maldonado dijo que, aunque hasta ahora el avance es poco, tiene buenas expectativas.<\/p>\n\n\n\n<p>\u201cLo que hemos visto es un poco de mayor movimiento, se est\u00e1 esperando la quincena, que eso nos ayude a acelerar el proceso comercial en este fin de semana y los d\u00edas que est\u00e1n por venir\u201d, se\u00f1al\u00f3.<\/p>\n\n\n\n<p>Dio a conocer que se espera una reactivaci\u00f3n econ\u00f3mica, mayor consumo en los comercios y que esto sea de manera responsable por la pandemia por el Covid-19.<\/p>\n\n\n\n<p>\u201cQue mantengamos las medidas y los protocolos de salud, es muy importante que se respeten, mantengamos la sana distancia y por eso este Buen Fin del 9 al 20 de noviembre una de sus grandes objetivos fue que no se hicieran aglomeraciones y seguir cuid\u00e1ndose unos con otros\u201d, coment\u00f3.<\/p>\n\n\n\n<p>Respecto a la seguridad, record\u00f3 que en todo el estado se despleg\u00f3 un operativo de seguridad para estos d\u00edas con m\u00e1s de 3 mil elementos con patrullas, caninos y drones lo que era necesario para darle certeza a los comerciantes y consumidores.<\/p>\n\n\n\n<p>\u201cA nosotros nos ofrecieron la coordinaci\u00f3n directa con ellos para poder atender cualquier tema relacionado con seguridad\u201d, finaliz\u00f3.<br>Sobre la situaci\u00f3n sanitaria, reconoci\u00f3 que existe un riesgo de que cambie el sem\u00e1foro epidemiol\u00f3gico no solo en el estado sino en el pa\u00eds por lo que existe una gran responsabilidad por seguirse cuidando y evitar regresar a la prohibici\u00f3n de actividades.<\/p>\n\n\n\n<p>\u201cEse compromiso debe ser patente en toda la poblaci\u00f3n incluyendo a los empresarios y al propio gobierno. Todo depende de c\u00f3mo se vaya comportando el sem\u00e1foro, m\u00e1s que temor nosotros estamos atentos e invitando a la gente y a toda la ciudadan\u00eda que nos cuidemos para evitar llegar a un sem\u00e1foro rojo que tendr\u00eda consecuencias econ\u00f3micas y de salud que ser\u00e1n complicadas\u201d, a\u00f1adi\u00f3.<\/p>\n","protected":false},"excerpt":{"rendered":"<p>Dar\u00edo Pale Xalapa, Ver.- Se espera un crecimiento de la econom\u00eda con el Buen Fin y que esto pueda repuntar este fin de semana \u201cde quincena\u201d, as\u00ed lo se\u00f1al\u00f3 el\u00a0presidente de la C\u00e1mara de Comercio (Canaco) Xalapa Bernardo Mart\u00ednez R\u00edos. Entrevistado previo al recorrido realizado en comercios del centro de la ciudad, acompa\u00f1ado por el [&hellip;]<\/p>\n","protected":false},"author":1,"featured_media":8002,"comment_status":"open","ping_status":"open","sticky":false,"template":"","format":"standard","meta":{"_jetpack_memberships_contains_paid_content":false,"footnotes":""},"categories":[3],"tags":[],"class_list":["post-8001","post","type-post","status-publish","format-standard","has-post-thumbnail","hentry","category-xalapa"],"jetpack_featured_media_url":"https:\/\/encuentroinformativo.com.mx\/wp-content\/uploads\/2020\/11\/6C2EE7C3-36CF-4BC8-9146-27F68A65696D.jpeg","jetpack_sharing_enabled":true,"jetpack_likes_enabled":true,"amp_enabled":true,"_links":{"self":[{"href":"https:\/\/encuentroinformativo.com.mx\/index.php?rest_route=\/wp\/v2\/posts\/8001","targetHints":{"allow":["GET"]}}],"collection":[{"href":"https:\/\/encuentroinformativo.com.mx\/index.php?rest_route=\/wp\/v2\/posts"}],"about":[{"href":"https:\/\/encuentroinformativo.com.mx\/index.php?rest_route=\/wp\/v2\/types\/post"}],"author":[{"embeddable":true,"href":"https:\/\/encuentroinformativo.com.mx\/index.php?rest_route=\/wp\/v2\/users\/1"}],"replies":[{"embeddable":true,"href":"https:\/\/encuentroinformativo.com.mx\/index.php?rest_route=%2Fwp%2Fv2%2Fcomments&post=8001"}],"version-history":[{"count":1,"href":"https:\/\/encuentroinformativo.com.mx\/index.php?rest_route=\/wp\/v2\/posts\/8001\/revisions"}],"predecessor-version":[{"id":8003,"href":"https:\/\/encuentroinformativo.com.mx\/index.php?rest_route=\/wp\/v2\/posts\/8001\/revisions\/8003"}],"wp:featuredmedia":[{"embeddable":true,"href":"https:\/\/encuentroinformativo.com.mx\/index.php?rest_route=\/wp\/v2\/media\/8002"}],"wp:attachment":[{"href":"https:\/\/encuentroinformativo.com.mx\/index.php?rest_route=%2Fwp%2Fv2%2Fmedia&parent=8001"}],"wp:term":[{"taxonomy":"category","embeddable":true,"href":"https:\/\/encuentroinformativo.com.mx\/index.php?rest_route=%2Fwp%2Fv2%2Fcategories&post=8001"},{"taxonomy":"post_tag","embeddable":true,"href":"https:\/\/encuentroinformativo.com.mx\/index.php?rest_route=%2Fwp%2Fv2%2Ftags&post=8001"}],"curies":[{"name":"wp","href":"https:\/\/api.w.org\/{rel}","templated":true}]}}