{"id":8007,"date":"2020-11-13T15:59:20","date_gmt":"2020-11-13T21:59:20","guid":{"rendered":"https:\/\/encuentroinformativo.com.mx\/?p=8007"},"modified":"2020-11-13T15:59:23","modified_gmt":"2020-11-13T21:59:23","slug":"taxistas-de-veracruz-piden-aumentar-tarifa-minima","status":"publish","type":"post","link":"https:\/\/encuentroinformativo.com.mx\/?p=8007","title":{"rendered":"Taxistas de Veracruz piden aumentar tarifa m\u00ednima"},"content":{"rendered":"\n<p><strong>Alejandro \u00c1vila<\/strong><\/p>\n\n\n\n<p>Veracruz, Ver.- Encabezados por la agrupaci\u00f3n Zeus, una nueva alianza de taxistas buscar\u00e1 que se aumente el costo de la tarifa m\u00ednima en el transporte de automovil de renta, modalidad taxi, pues se\u00f1alan que desde hace a\u00f1os, esta sigue siendo de 25 pesos, cuando en esta \u00e9poca y ante el incremento en la gasolina y refacciones, al menos deber\u00eda ser de 35 pesos la &#8220;corrida&#8221; m\u00ednima.<\/p>\n\n\n\n<p>Salvador Rodr\u00edguez Echeverr\u00eda, vocero de la agrupaci\u00f3n de taxistas Zeus, reconoci\u00f3 que si antes no se hab\u00eda logrado aumentar el costo de la tarifa m\u00ednima, se debe al poco apoyo de todo el gremio ruletero, quienes en algunos casos ven por el interes propio y no colectivo, sutuaci\u00f3n que afecta a m\u00e1s de 5 mil taxistas de la zona metropolitana de Veracruz, Boca del R\u00edo y Medell\u00edn.<\/p>\n\n\n\n<p>&#8220;La primera traba es la falta de uni\u00f3n de todos nosotros, \u00bfporqu\u00e9?, por que sino nos unimos, entonces el gobierno dice, divide y venceras. Entonces eso es lo primero que tenemos que hacer, \u00bfpara que?, pa que nosotros mismos hacer conciencia con todos los concecionarios, osea vamos a hacer el pliego petitorio todo el comit\u00e9 y presentarselo a Gobierno del Estado&#8221;, se\u00f1al\u00f3 en rueda de prensa.<\/p>\n\n\n\n<p>En ese sentido, se pronunci\u00f3 en contra de la aplicaci\u00f3n celular In Driver, la cual maneja una forma de operar mediante oferta y demanda, situaci\u00f3n que asegur\u00f3 no les beneficia a ninguno de los concesionarios de taxi, pues cobran menos por el mismo servicio.<\/p>\n\n\n\n<p>Expuso que debido a esta aplicaci\u00f3n que se ha hecho muy popular entre los ciudadanos, ha afectado a cerca del 40 por ciento de los taxistas de la zona metropolitana, quienes, adem\u00e1s de la pandemia, han reducido sus servicios, ya que las personas utilizan el servicio v\u00eda la aplicaci\u00f3n, pues consideran van a pagar menos.<\/p>\n","protected":false},"excerpt":{"rendered":"<p>Alejandro \u00c1vila Veracruz, Ver.- Encabezados por la agrupaci\u00f3n Zeus, una nueva alianza de taxistas buscar\u00e1 que se aumente el costo de la tarifa m\u00ednima en el transporte de automovil de renta, modalidad taxi, pues se\u00f1alan que desde hace a\u00f1os, esta sigue siendo de 25 pesos, cuando en esta \u00e9poca y ante el incremento en la [&hellip;]<\/p>\n","protected":false},"author":1,"featured_media":8008,"comment_status":"open","ping_status":"open","sticky":false,"template":"","format":"standard","meta":{"_jetpack_memberships_contains_paid_content":false,"footnotes":""},"categories":[2],"tags":[],"class_list":["post-8007","post","type-post","status-publish","format-standard","has-post-thumbnail","hentry","category-estado"],"jetpack_featured_media_url":"https:\/\/encuentroinformativo.com.mx\/wp-content\/uploads\/2020\/11\/6C69AAE1-EE26-4C42-8756-35A5EC9E7395.jpeg","jetpack_sharing_enabled":true,"jetpack_likes_enabled":true,"amp_enabled":true,"_links":{"self":[{"href":"https:\/\/encuentroinformativo.com.mx\/index.php?rest_route=\/wp\/v2\/posts\/8007","targetHints":{"allow":["GET"]}}],"collection":[{"href":"https:\/\/encuentroinformativo.com.mx\/index.php?rest_route=\/wp\/v2\/posts"}],"about":[{"href":"https:\/\/encuentroinformativo.com.mx\/index.php?rest_route=\/wp\/v2\/types\/post"}],"author":[{"embeddable":true,"href":"https:\/\/encuentroinformativo.com.mx\/index.php?rest_route=\/wp\/v2\/users\/1"}],"replies":[{"embeddable":true,"href":"https:\/\/encuentroinformativo.com.mx\/index.php?rest_route=%2Fwp%2Fv2%2Fcomments&post=8007"}],"version-history":[{"count":1,"href":"https:\/\/encuentroinformativo.com.mx\/index.php?rest_route=\/wp\/v2\/posts\/8007\/revisions"}],"predecessor-version":[{"id":8009,"href":"https:\/\/encuentroinformativo.com.mx\/index.php?rest_route=\/wp\/v2\/posts\/8007\/revisions\/8009"}],"wp:featuredmedia":[{"embeddable":true,"href":"https:\/\/encuentroinformativo.com.mx\/index.php?rest_route=\/wp\/v2\/media\/8008"}],"wp:attachment":[{"href":"https:\/\/encuentroinformativo.com.mx\/index.php?rest_route=%2Fwp%2Fv2%2Fmedia&parent=8007"}],"wp:term":[{"taxonomy":"category","embeddable":true,"href":"https:\/\/encuentroinformativo.com.mx\/index.php?rest_route=%2Fwp%2Fv2%2Fcategories&post=8007"},{"taxonomy":"post_tag","embeddable":true,"href":"https:\/\/encuentroinformativo.com.mx\/index.php?rest_route=%2Fwp%2Fv2%2Ftags&post=8007"}],"curies":[{"name":"wp","href":"https:\/\/api.w.org\/{rel}","templated":true}]}}