{"id":8016,"date":"2020-11-13T16:30:38","date_gmt":"2020-11-13T22:30:38","guid":{"rendered":"https:\/\/encuentroinformativo.com.mx\/?p=8016"},"modified":"2020-11-13T16:30:42","modified_gmt":"2020-11-13T22:30:42","slug":"analizan-colocar-palmeras-en-el-malecon","status":"publish","type":"post","link":"https:\/\/encuentroinformativo.com.mx\/?p=8016","title":{"rendered":"Analizan colocar palmeras en el malec\u00f3n"},"content":{"rendered":"\n<p><strong>Alejandro \u00c1vila<\/strong><\/p>\n\n\n\n<p>Veracruz, Ver.- El Ayuntaniento de Veracruz a trav\u00e9s de la direcci\u00f3n de Medio Ambiente, est\u00e1 creando un proyecto para colocar palmeras o arboles end\u00e9micos en en la explanada del malec\u00f3n de Veracruz, con la finalidad de disminuir el calor y proporcionar sombra.<\/p>\n\n\n\n<p>Jos\u00e9 \u00c1ngel Capetillo Victoriano, director de Medio Ambiente, dijo que se encuentran en el analisis del proyecto, ya que ser\u00e1 un grupo de especialistas el que determine que tipo de especies se pueden colocar, siendo las palmeras la primera opci\u00f3n.<\/p>\n\n\n\n<p>Un tema importante a tomar en cuenta, dijo, es que las raices de estas especies arboreas, no afecten a las tuber\u00edas subterraneas o el pavimento, ya que en algunos casos han llegado a quebarlo.<\/p>\n\n\n\n<p>&#8220;Lo m\u00e1s\u00a0factible ser\u00eda instalar palmeras por el tipo de ra\u00edces que tienen (\u2026) deben ser plantas que no afecten el equipamiento urbano, los locales, ni las tuber\u00edas subterr\u00e1neas&#8221;, subtay\u00f3.<\/p>\n\n\n\n<p>Si bien se aclar\u00f3 que esta idea todav\u00eda est\u00e1 en proyecto, es una acci\u00f3n muy factible, debido a que mejorar\u00eda la imagen urbana, adem\u00e1s se atender\u00eda la solicitud de los locatarios del mercado de artesan\u00edas &#8220;Miguel Alem\u00e1n Vald\u00e9s&#8221;, as\u00ed como turistas y ciudadanos.<\/p>\n","protected":false},"excerpt":{"rendered":"<p>Alejandro \u00c1vila Veracruz, Ver.- El Ayuntaniento de Veracruz a trav\u00e9s de la direcci\u00f3n de Medio Ambiente, est\u00e1 creando un proyecto para colocar palmeras o arboles end\u00e9micos en en la explanada del malec\u00f3n de Veracruz, con la finalidad de disminuir el calor y proporcionar sombra. Jos\u00e9 \u00c1ngel Capetillo Victoriano, director de Medio Ambiente, dijo que se [&hellip;]<\/p>\n","protected":false},"author":1,"featured_media":8017,"comment_status":"open","ping_status":"open","sticky":false,"template":"","format":"standard","meta":{"_jetpack_memberships_contains_paid_content":false,"footnotes":""},"categories":[2],"tags":[],"class_list":["post-8016","post","type-post","status-publish","format-standard","has-post-thumbnail","hentry","category-estado"],"jetpack_featured_media_url":"https:\/\/encuentroinformativo.com.mx\/wp-content\/uploads\/2020\/11\/B0416237-C1FD-47BE-8E51-47D67584D159.jpeg","jetpack_sharing_enabled":true,"jetpack_likes_enabled":true,"amp_enabled":true,"_links":{"self":[{"href":"https:\/\/encuentroinformativo.com.mx\/index.php?rest_route=\/wp\/v2\/posts\/8016","targetHints":{"allow":["GET"]}}],"collection":[{"href":"https:\/\/encuentroinformativo.com.mx\/index.php?rest_route=\/wp\/v2\/posts"}],"about":[{"href":"https:\/\/encuentroinformativo.com.mx\/index.php?rest_route=\/wp\/v2\/types\/post"}],"author":[{"embeddable":true,"href":"https:\/\/encuentroinformativo.com.mx\/index.php?rest_route=\/wp\/v2\/users\/1"}],"replies":[{"embeddable":true,"href":"https:\/\/encuentroinformativo.com.mx\/index.php?rest_route=%2Fwp%2Fv2%2Fcomments&post=8016"}],"version-history":[{"count":1,"href":"https:\/\/encuentroinformativo.com.mx\/index.php?rest_route=\/wp\/v2\/posts\/8016\/revisions"}],"predecessor-version":[{"id":8018,"href":"https:\/\/encuentroinformativo.com.mx\/index.php?rest_route=\/wp\/v2\/posts\/8016\/revisions\/8018"}],"wp:featuredmedia":[{"embeddable":true,"href":"https:\/\/encuentroinformativo.com.mx\/index.php?rest_route=\/wp\/v2\/media\/8017"}],"wp:attachment":[{"href":"https:\/\/encuentroinformativo.com.mx\/index.php?rest_route=%2Fwp%2Fv2%2Fmedia&parent=8016"}],"wp:term":[{"taxonomy":"category","embeddable":true,"href":"https:\/\/encuentroinformativo.com.mx\/index.php?rest_route=%2Fwp%2Fv2%2Fcategories&post=8016"},{"taxonomy":"post_tag","embeddable":true,"href":"https:\/\/encuentroinformativo.com.mx\/index.php?rest_route=%2Fwp%2Fv2%2Ftags&post=8016"}],"curies":[{"name":"wp","href":"https:\/\/api.w.org\/{rel}","templated":true}]}}