{"id":8019,"date":"2020-11-13T17:36:01","date_gmt":"2020-11-13T23:36:01","guid":{"rendered":"https:\/\/encuentroinformativo.com.mx\/?p=8019"},"modified":"2020-11-13T17:36:04","modified_gmt":"2020-11-13T23:36:04","slug":"realizan-reunion-de-la-comision-interinstitucional-en-poder-judicial","status":"publish","type":"post","link":"https:\/\/encuentroinformativo.com.mx\/?p=8019","title":{"rendered":"Realizan reuni\u00f3n de la Comisi\u00f3n Interinstitucional  en Poder Judicial"},"content":{"rendered":"\n<p>Xalapa, Ver.- La Magistrada Presidenta del Tribunal Superior de Justicia y del Consejo de la Judicatura del Poder Judicial del Estado de Veracruz, Isabel In\u00e9s Romero Cruz presidi\u00f3 la reuni\u00f3n de la Comisi\u00f3n Interinstitucional para la Implementaci\u00f3n del Nuevo Sistema de Justicia Laboral en el Estado.<\/p>\n\n\n\n<p>De manera interinstitucional, los tres poderes representados por la&nbsp;Magistrada&nbsp;Presidenta, la Secretaria&nbsp;del Trabajo, Previsi\u00f3n Social y Productividad de Veracruz, Diana Estela Ar\u00f3stegui Carballo y la diputada presidenta de la Comisi\u00f3n del Trabajo y Previsi\u00f3n Social del Congreso del Estado, Adriana Esther Mart\u00ednez S\u00e1nchez afinaron los lineamientos y leyes que conforman el proyecto de esta nueva forma de impartici\u00f3n de justicia prevista para el 2021.<\/p>\n\n\n\n<p>La Magistrada Presidenta del Tribunal Superior de Justiciadel Estado de Veracruz,&nbsp;Isabel In\u00e9s Romero Cruz&nbsp;resalt\u00f3 el trabajo coordinado entre Poderes, delimitado a sus atribuciones constitucionales dentro de un Estado de Derecho en el que los poderes dialogan y colaboran en el marco del respeto a sus atribuciones.<\/p>\n\n\n\n<p>Al dar por concluida la conformaci\u00f3n del Proyecto, la Secretaria del Trabajo, Previsi\u00f3n Social y Productividad de Veracruz, Diana Estela Ar\u00f3stegui Carballo se mostr\u00f3 satisfecha de los resultados de la reuni\u00f3n de trabajo, pues consider\u00f3 que estas acciones demuestran la colaboraci\u00f3n, el respeto y di\u00e1logo entre Poderes.&nbsp;<\/p>\n\n\n\n<p>Por su parte, la diputada presidenta de la Comisi\u00f3n del Trabajo y Previsi\u00f3n Social del Congreso del Estado, Adriana Esther Mart\u00ednez S\u00e1nchez&nbsp;agradeci\u00f3&nbsp;la&nbsp;disposici\u00f3n&nbsp;de realizar estas mesas de trabajo en conjunto que&nbsp;dar\u00e1n&nbsp;como resultado un beneficio en materia laboral para todos los veracruzanos.<\/p>\n","protected":false},"excerpt":{"rendered":"<p>Xalapa, Ver.- La Magistrada Presidenta del Tribunal Superior de Justicia y del Consejo de la Judicatura del Poder Judicial del Estado de Veracruz, Isabel In\u00e9s Romero Cruz presidi\u00f3 la reuni\u00f3n de la Comisi\u00f3n Interinstitucional para la Implementaci\u00f3n del Nuevo Sistema de Justicia Laboral en el Estado. De manera interinstitucional, los tres poderes representados por la&nbsp;Magistrada&nbsp;Presidenta, [&hellip;]<\/p>\n","protected":false},"author":1,"featured_media":8020,"comment_status":"open","ping_status":"open","sticky":false,"template":"","format":"standard","meta":{"_jetpack_memberships_contains_paid_content":false,"footnotes":""},"categories":[2],"tags":[],"class_list":["post-8019","post","type-post","status-publish","format-standard","has-post-thumbnail","hentry","category-estado"],"jetpack_featured_media_url":"https:\/\/encuentroinformativo.com.mx\/wp-content\/uploads\/2020\/11\/D19F4F1E-76D1-431F-9AEA-FA88EF42B23C.jpeg","jetpack_sharing_enabled":true,"jetpack_likes_enabled":true,"amp_enabled":true,"_links":{"self":[{"href":"https:\/\/encuentroinformativo.com.mx\/index.php?rest_route=\/wp\/v2\/posts\/8019","targetHints":{"allow":["GET"]}}],"collection":[{"href":"https:\/\/encuentroinformativo.com.mx\/index.php?rest_route=\/wp\/v2\/posts"}],"about":[{"href":"https:\/\/encuentroinformativo.com.mx\/index.php?rest_route=\/wp\/v2\/types\/post"}],"author":[{"embeddable":true,"href":"https:\/\/encuentroinformativo.com.mx\/index.php?rest_route=\/wp\/v2\/users\/1"}],"replies":[{"embeddable":true,"href":"https:\/\/encuentroinformativo.com.mx\/index.php?rest_route=%2Fwp%2Fv2%2Fcomments&post=8019"}],"version-history":[{"count":1,"href":"https:\/\/encuentroinformativo.com.mx\/index.php?rest_route=\/wp\/v2\/posts\/8019\/revisions"}],"predecessor-version":[{"id":8021,"href":"https:\/\/encuentroinformativo.com.mx\/index.php?rest_route=\/wp\/v2\/posts\/8019\/revisions\/8021"}],"wp:featuredmedia":[{"embeddable":true,"href":"https:\/\/encuentroinformativo.com.mx\/index.php?rest_route=\/wp\/v2\/media\/8020"}],"wp:attachment":[{"href":"https:\/\/encuentroinformativo.com.mx\/index.php?rest_route=%2Fwp%2Fv2%2Fmedia&parent=8019"}],"wp:term":[{"taxonomy":"category","embeddable":true,"href":"https:\/\/encuentroinformativo.com.mx\/index.php?rest_route=%2Fwp%2Fv2%2Fcategories&post=8019"},{"taxonomy":"post_tag","embeddable":true,"href":"https:\/\/encuentroinformativo.com.mx\/index.php?rest_route=%2Fwp%2Fv2%2Ftags&post=8019"}],"curies":[{"name":"wp","href":"https:\/\/api.w.org\/{rel}","templated":true}]}}