{"id":802,"date":"2020-03-12T12:07:09","date_gmt":"2020-03-12T18:07:09","guid":{"rendered":"https:\/\/encuentroinformativo.com\/?p=802"},"modified":"2020-03-12T12:07:11","modified_gmt":"2020-03-12T18:07:11","slug":"ivonne-alexis-y-kristel","status":"publish","type":"post","link":"https:\/\/encuentroinformativo.com.mx\/?p=802","title":{"rendered":"Ivonne, Alexis y Kristel"},"content":{"rendered":"\n<p><strong>Los Pol\u00edticos <\/strong><\/p>\n\n\n\n<p><strong>Salvador Mu\u00f1oz<\/strong><br><\/p>\n\n\n\n<p>Hasta principios de este a\u00f1o, en el Congreso local de Veracruz hab\u00eda seis grupos legislativos siendo cuatro mixtos, es decir, integrados por diputados de distintos partidos, como el del PRI y el Verde Ecologista, as\u00ed como el del Movimiento Ciudadano y el Sol Azteca, adem\u00e1s del Lado Correcto de la Historia (PES, Morena y PRD) y Acci\u00f3n Nacional Veracruz (una independiente, uno del PT y la gran mayor\u00eda, del PAN). A la fecha, desaparecieron los dos \u00faltimos.<\/p>\n\n\n\n<p>La integraci\u00f3n de grupos en el Congreso busca por un lado, conjuntar criterios as\u00ed como fortalecer una unidad, donde ocho pueden ser muchos y tres marcar una diferencia.<\/p>\n\n\n\n<p>Algo curioso que ha marcado a la mayor\u00eda de los grupos que est\u00e1n y han estado en esta LXV Legislatura: la divisi\u00f3n interna, las patadas bajo la mesa, los golpes bajos y las diferencias.<\/p>\n\n\n\n<p>En el grupo mayoritario, es decir Morena, baste recordar el pleito ranchero que se desat\u00f3 contra Maleno Rosales Torres, Jessica Ram\u00edrez Cisneros y Nah\u00fam \u00c1lvarez Pellico, al grado de que fueron expulsados de Morena a nivel nacional, pero hubo cordura en el coordinador de la Junta de Coordinaci\u00f3n Pol\u00edtica, Juan Javier G\u00f3mez Cazar\u00edn, y rechaz\u00f3 la posici\u00f3n de la dirigencia y conmin\u00f3 a que se desechara la decisi\u00f3n\u2026<\/p>\n\n\n\n<p>En el PAN ya se sabe c\u00f3mo se las gastaron algunos diputados que expresaron su malestar cuando se dio el triunfo de Joaqu\u00edn Guzm\u00e1n Avil\u00e9s en la dirigencia y se design\u00f3 a Omar Miranda Romero como nuevo coordinador de la bancada azul\u2026 se separaron menguando a la segunda fuerza para volverla tercera con cinco integrantes. Adem\u00e1s de eso, para conformarse como grupo mixto, una diputada renunci\u00f3 a la bancada para declararse independiente y la cereza del pastel, fue integrar al Diputaco Erik Iv\u00e1n Aguilar L\u00f3pez a lo que llamaron Acci\u00f3n Nacional Veracruz.<\/p>\n\n\n\n<p>En el PRI igual se cocieron habas\u2026 Juan Carlos Molina Palacios (abrazo amigo donde quiera que est\u00e9s) decidi\u00f3 separarse de la bancada del PRI y declararse independiente pero lo que salv\u00f3 a la bancada tricolor fue Andrea Yunes Yunes, del PVEM, cuya alianza le permiti\u00f3 mantenerse como grupo.<\/p>\n\n\n\n<p>El Lado Correcto de la Historia sufri\u00f3 mucho para consolidarse como grupo, primero, por la salida de Rub\u00e9n R\u00edos Uribe; luego, por la del Diputaco, pero ya no pudo mantenerse con la salida de Florencia Mart\u00ednez Rivera.<\/p>\n\n\n\n<p>Hay que destacar al grupo mixto de Movimiento Ciudadano y Partido de la Revoluci\u00f3n Democr\u00e1tica integrado por Ivonne Trujilllo Ortiz, Alexis S\u00e1nchez Garc\u00eda y Kristel Hern\u00e1ndez Topete, el \u00fanico que se ha mantenido intacto en m\u00e1s de un a\u00f1o de actividades legislativas y que a diferencia de los otros, ha demostrado congruencia consigo mismos, \u201ctiming pol\u00edtico\u201d, solidaridad, compa\u00f1erismo y mucha coerci\u00f3n, al grado que en muchas decisiones llevadas a voto, se han convertido en el fiel de la balanza donde igual, pueden apoyar al grupo mayoritario, o convertirse en su aguafiestas.<\/p>\n\n\n\n<p>Tres diputados que sin hacer mucho ruido, demuestran que la fuerza pol\u00edtica al interior del Congreso no es con muchos dedos, sino con mucha cabeza\u2026 quiz\u00e1s por eso, alguna ocasi\u00f3n, el Diputaco tuvo la intenci\u00f3n de integrarse al grupo cuando se sali\u00f3 de El Lado Correcto de la Historia\u2026 quiz\u00e1s por eso, hoy en pasillos del Palacio Legislativo, se hable de la posibilidad de que Florencia Mart\u00ednez Rivera, diputada por el Sol Azteca, pudiera buscar espacio en el mixto MC-PRD, aunque esto no deja de ser parte de lo que la rumorolog\u00eda pol\u00edtica hace sonar\u2026 como sea, si se habla de solidez, integridad y congruencia entre los diputados, hay entonces que voltear a ver a Ivonne, Alexis y Kristel, que sin hacer mucho ruido, dan lecciones de unidad a todos los grupos, demostrando con ello que en pol\u00edtica como en el Congreso, no hay grupo mixto chico.<br><\/p>\n\n\n\n<p><a href=\"mailto:smcainito@gmail.com\" target=\"_blank\" rel=\"noreferrer noopener\">smcainito@gmail.com<\/a><\/p>\n\n\n\n<p><\/p>\n","protected":false},"excerpt":{"rendered":"<p>Los Pol\u00edticos Salvador Mu\u00f1oz Hasta principios de este a\u00f1o, en el Congreso local de Veracruz hab\u00eda seis grupos legislativos siendo cuatro mixtos, es decir, integrados por diputados de distintos partidos, como el del PRI y el Verde Ecologista, as\u00ed como el del Movimiento Ciudadano y el Sol Azteca, adem\u00e1s del Lado Correcto de la Historia [&hellip;]<\/p>\n","protected":false},"author":1,"featured_media":387,"comment_status":"open","ping_status":"open","sticky":false,"template":"","format":"standard","meta":{"_jetpack_memberships_contains_paid_content":false,"footnotes":""},"categories":[11],"tags":[],"class_list":["post-802","post","type-post","status-publish","format-standard","has-post-thumbnail","hentry","category-opinion"],"jetpack_featured_media_url":"https:\/\/encuentroinformativo.com.mx\/wp-content\/uploads\/2020\/03\/7CF8A22B-2764-47BE-8F7F-38FE9E5D6A2F.jpeg","jetpack_sharing_enabled":true,"jetpack_likes_enabled":true,"amp_enabled":true,"_links":{"self":[{"href":"https:\/\/encuentroinformativo.com.mx\/index.php?rest_route=\/wp\/v2\/posts\/802","targetHints":{"allow":["GET"]}}],"collection":[{"href":"https:\/\/encuentroinformativo.com.mx\/index.php?rest_route=\/wp\/v2\/posts"}],"about":[{"href":"https:\/\/encuentroinformativo.com.mx\/index.php?rest_route=\/wp\/v2\/types\/post"}],"author":[{"embeddable":true,"href":"https:\/\/encuentroinformativo.com.mx\/index.php?rest_route=\/wp\/v2\/users\/1"}],"replies":[{"embeddable":true,"href":"https:\/\/encuentroinformativo.com.mx\/index.php?rest_route=%2Fwp%2Fv2%2Fcomments&post=802"}],"version-history":[{"count":1,"href":"https:\/\/encuentroinformativo.com.mx\/index.php?rest_route=\/wp\/v2\/posts\/802\/revisions"}],"predecessor-version":[{"id":803,"href":"https:\/\/encuentroinformativo.com.mx\/index.php?rest_route=\/wp\/v2\/posts\/802\/revisions\/803"}],"wp:featuredmedia":[{"embeddable":true,"href":"https:\/\/encuentroinformativo.com.mx\/index.php?rest_route=\/wp\/v2\/media\/387"}],"wp:attachment":[{"href":"https:\/\/encuentroinformativo.com.mx\/index.php?rest_route=%2Fwp%2Fv2%2Fmedia&parent=802"}],"wp:term":[{"taxonomy":"category","embeddable":true,"href":"https:\/\/encuentroinformativo.com.mx\/index.php?rest_route=%2Fwp%2Fv2%2Fcategories&post=802"},{"taxonomy":"post_tag","embeddable":true,"href":"https:\/\/encuentroinformativo.com.mx\/index.php?rest_route=%2Fwp%2Fv2%2Ftags&post=802"}],"curies":[{"name":"wp","href":"https:\/\/api.w.org\/{rel}","templated":true}]}}