{"id":8058,"date":"2020-11-15T15:36:15","date_gmt":"2020-11-15T21:36:15","guid":{"rendered":"https:\/\/encuentroinformativo.com.mx\/?p=8058"},"modified":"2020-11-15T15:36:18","modified_gmt":"2020-11-15T21:36:18","slug":"la-cura-cortometraje-filmado-en-xalapa","status":"publish","type":"post","link":"https:\/\/encuentroinformativo.com.mx\/?p=8058","title":{"rendered":"La Cura, cortometraje filmado en Xalapa"},"content":{"rendered":"\n<p><strong>Juan Arcos <\/strong><\/p>\n\n\n\n<p>Xalapa, Ver.- Un grupo de amigos se organiz\u00f3 para aterrizar sus proyectos cinematogr\u00e1ficos y que \u00e9stos fueron filmados en puntos importantes de la entidad.<\/p>\n\n\n\n<p>As\u00ed surgi\u00f3 la idea para la detonaci\u00f3n de un veh\u00edculo sobre la calle Juan de la Luz Enr\u00edquez, en pleno centro de la capital del estado, como parte del rodaje del cortometraje \u201cLa Cura\u201d.<\/p>\n\n\n\n<p>El pasado 8 de noviembre, lanzaron en redes sociales el tr\u00e1iler del film que trata sobre la posible cura para frenar una pandemia, como la vigente a nivel mundial por el SARS-COV-2 (COVID-19).<\/p>\n\n\n\n<p>El cortometraje presenta un avance del 50 por ciento y se prev\u00e9 que su proyecci\u00f3n sea a principios del a\u00f1o pr\u00f3ximo, en las salas de Cinetix, una de las empresas inversionistas.<\/p>\n\n\n\n<p>De acuerdo con Eduardo Azuri Miranda, actor de \u201cLa Cura\u201d, para la realizaci\u00f3n del proyecto se cre\u00f3 un modelo de inversi\u00f3n, donde se motiva a empresarios de Veracruz y del pa\u00eds para que participen.<\/p>\n\n\n\n<p>\u201cDebemos dejar de sentirnos como los ni\u00f1os problemas que nos tienen. Que nos tiene que dar el gobierno porque como nosotros no somos emprendedores normales pues estamos pidiendo subsidio como el Fonca pero no dependemos de solo de eso, de que nos bequen o no, debemos ver c\u00f3mo hacerle\u201d.<\/p>\n\n\n\n<p>En este proyecto participan m\u00e1s de 30 personas, entre productores, ejecutivos, inversionistas y actores.<\/p>\n\n\n\n<p>\u201cEs una alternativa de inversi\u00f3n porque en una pel\u00edcula como esta pueden aparecer marcas, productos, adem\u00e1s que las ruedas de prensa o alfombras rojas se mencionan a los empresarios, se les da un rol y eso fortalece la imagen corporativa\u201d.<\/p>\n\n\n\n<p>Tambi\u00e9n se busca reposicionar a Veracruz y Xalapa, como lugares donde pueden realizarse efectos especiales en cine con poco presupuesto, sin necesidad de ir a otra la ciudades, como la Ciudad de M\u00e9xico, Monterrey y Guadalajara o Puebla.<\/p>\n\n\n\n<p>Un grupo de productores de la asociaci\u00f3n civil \u201cFilmado en Veracruz\u201d promueve que haya m\u00e1s filmaciones en la entidad Veracruzana.<\/p>\n\n\n\n<p>\u201cTenemos todo para hacerlo y si vimos que dec\u00edan, qu\u00e9 est\u00e1 pasando, Xalapa es un estado de guerra dec\u00edan unos y no\u201d, remat\u00f3 Azuri Miranda.<\/p>\n","protected":false},"excerpt":{"rendered":"<p>Juan Arcos Xalapa, Ver.- Un grupo de amigos se organiz\u00f3 para aterrizar sus proyectos cinematogr\u00e1ficos y que \u00e9stos fueron filmados en puntos importantes de la entidad. As\u00ed surgi\u00f3 la idea para la detonaci\u00f3n de un veh\u00edculo sobre la calle Juan de la Luz Enr\u00edquez, en pleno centro de la capital del estado, como parte del [&hellip;]<\/p>\n","protected":false},"author":1,"featured_media":8059,"comment_status":"open","ping_status":"open","sticky":false,"template":"","format":"standard","meta":{"_jetpack_memberships_contains_paid_content":false,"footnotes":""},"categories":[3],"tags":[],"class_list":["post-8058","post","type-post","status-publish","format-standard","has-post-thumbnail","hentry","category-xalapa"],"jetpack_featured_media_url":"https:\/\/encuentroinformativo.com.mx\/wp-content\/uploads\/2020\/11\/6DA474D8-FB9E-4EB7-A47C-189FAEC5F348.jpeg","jetpack_sharing_enabled":true,"jetpack_likes_enabled":true,"amp_enabled":true,"_links":{"self":[{"href":"https:\/\/encuentroinformativo.com.mx\/index.php?rest_route=\/wp\/v2\/posts\/8058","targetHints":{"allow":["GET"]}}],"collection":[{"href":"https:\/\/encuentroinformativo.com.mx\/index.php?rest_route=\/wp\/v2\/posts"}],"about":[{"href":"https:\/\/encuentroinformativo.com.mx\/index.php?rest_route=\/wp\/v2\/types\/post"}],"author":[{"embeddable":true,"href":"https:\/\/encuentroinformativo.com.mx\/index.php?rest_route=\/wp\/v2\/users\/1"}],"replies":[{"embeddable":true,"href":"https:\/\/encuentroinformativo.com.mx\/index.php?rest_route=%2Fwp%2Fv2%2Fcomments&post=8058"}],"version-history":[{"count":1,"href":"https:\/\/encuentroinformativo.com.mx\/index.php?rest_route=\/wp\/v2\/posts\/8058\/revisions"}],"predecessor-version":[{"id":8060,"href":"https:\/\/encuentroinformativo.com.mx\/index.php?rest_route=\/wp\/v2\/posts\/8058\/revisions\/8060"}],"wp:featuredmedia":[{"embeddable":true,"href":"https:\/\/encuentroinformativo.com.mx\/index.php?rest_route=\/wp\/v2\/media\/8059"}],"wp:attachment":[{"href":"https:\/\/encuentroinformativo.com.mx\/index.php?rest_route=%2Fwp%2Fv2%2Fmedia&parent=8058"}],"wp:term":[{"taxonomy":"category","embeddable":true,"href":"https:\/\/encuentroinformativo.com.mx\/index.php?rest_route=%2Fwp%2Fv2%2Fcategories&post=8058"},{"taxonomy":"post_tag","embeddable":true,"href":"https:\/\/encuentroinformativo.com.mx\/index.php?rest_route=%2Fwp%2Fv2%2Ftags&post=8058"}],"curies":[{"name":"wp","href":"https:\/\/api.w.org\/{rel}","templated":true}]}}