{"id":8068,"date":"2020-11-16T13:08:39","date_gmt":"2020-11-16T19:08:39","guid":{"rendered":"https:\/\/encuentroinformativo.com.mx\/?p=8068"},"modified":"2020-11-16T13:08:42","modified_gmt":"2020-11-16T19:08:42","slug":"casetas-y-deudas","status":"publish","type":"post","link":"https:\/\/encuentroinformativo.com.mx\/?p=8068","title":{"rendered":"Casetas y deudas"},"content":{"rendered":"\n<p><strong>Los Pol\u00edticos<\/strong><\/p>\n\n\n\n<p><strong>Salvador Mu\u00f1oz<\/strong><\/p>\n\n\n\n<p>Recuerda cu\u00e1ndo fue la \u00faltima vez que ocup\u00f3 una caseta telef\u00f3nica. Ac\u00e1, por su casa, en dos esquinas inmediatas, hay cuatro. Cuando veo que alguien ocupa una de ellas, me parece un hecho extraordinario porque para m\u00ed, raya en la evocaci\u00f3n de un lejano \u201cte cay\u00f3 el veinte\u201d que qued\u00f3 en una frase que se resiste a desaparecer a pesar desde que hace a\u00f1os, las tarjetas desplazaron a las monedas y a las nuevas generaciones \u00a1ya no les cae el veinte!<\/p>\n\n\n\n<p>\u00bfPor qu\u00e9 alguien utilizar\u00eda una caseta telef\u00f3nica, de \u00e9sas que aparecen mordiendo \u00e1reas verdes, o incrustadas en banquetas haciendo el papel de intrusas y estorbos que a veces, obligan al peat\u00f3n a bajar al arroyo vehicular y en el peor de los casos, ser el objeto con que la cabeza de un d\u00e9bil visual o ciego, puede rebotar?<br>Yo tengo tres razones: el celular no ha llegado a su vida por razones econ\u00f3micas (aunque no lo crea), por resistencia a la modernidad y en el peor de los casos, porque alguien no quiere ser identificado\u2026<\/p>\n\n\n\n<p>(No s\u00e9 si se mantenga esa caseta en el Callej\u00f3n de Rojas, de banquetas estrechas, precisamente a un costado del Palacio municipal\u2026 o qu\u00e9 decir de las que est\u00e1n plantadas en el \u00e1rea verde de donde inicia Avila Camacho, pasando Clavijero)&nbsp;<\/p>\n\n\n\n<p>El pasado viernes, en sesi\u00f3n de Cabildo en el Ayuntamiento xalape\u00f1o, el regidor VIII, Pedro Alvarado present\u00f3 un trabajo de investigaci\u00f3n concluido en septiembre pasado, tan preciso, que obtuvo el reconocimiento del cuerpo edilicio por los datos arrojados, como por ejemplo, que en nuestra Capital tenemos 2109 casetas telef\u00f3nicas, las cuales dar\u00edan servicio de llamadas, cargas de internet o de saldo. Concentr\u00e9monos en el primer cuadro de la ciudad, donde de acuerdo a lo documentado, hay registro de 235, pero a la hora de ir al campo, de hacer el recorrido, encontraron 425.<\/p>\n\n\n\n<p>Estas casetas pertenecen a variedad de empresas como Telmex, Logitel, Migo, Supercom, Mascom, Comefon, Font\u00e1stico y otras no identificadas.<\/p>\n\n\n\n<p>En esa supervisi\u00f3n que realiz\u00f3 el regidor Alvarado, se encontr\u00f3 que si bien, muchas casetas podr\u00edan aparentar estar en buenas condiciones, a la hora de descolgar el auricular, simplemente \u201cno daban l\u00ednea\u201d. Caso contrario, las otras que estaban en mal estado.<\/p>\n\n\n\n<p>En pocas palabras, de las 425 que hay en el primer cuadro de la ciudad, 289 funcionan.<\/p>\n\n\n\n<p>Otro dato m\u00e1s y es seguro que usted igual se haya percatado de ello\u2026 \u00bfqu\u00e9 otra utilidad le da el ciudadano a estas casetas? Ah\u00ed le van: M\u00f3dulo de publicidad, donde se puede encontrar anuncios para se\u00f1oritas \u201cde amplio criterio\u201d o \u201ccentros de masaje\u201d o parecidos que fomentan la cosificaci\u00f3n de la mujer, casas de empe\u00f1o, pr\u00e9stamos, escuelas o institutos, empleos (donde uno corta un papelito con el tel\u00e9fono de la empresa) y hasta renta de departamentos. Yo agregar\u00eda el hacerlas depositarios de desechos donde el ciudadano se deshace de su basura. Esto fue en el campo\u2026 ahora, en el terreno de los archivos, se tiene registro que desde el gobierno de Ricardo Ahued, all\u00e1 por 2005, se dieron los primeros permisos para la instalaci\u00f3n de 400 casetas de moneda y al paso del tiempo y de alcaldes, se fue incrementando su n\u00famero hasta alcanzar las m\u00e1s de dos mil. Se conoce que hubo acuerdos, actas, pero no quedan claros los convenios as\u00ed como la especificaci\u00f3n de d\u00f3nde colocar las casetas lo que nos da una idea de las razones para encontrarnos un estorbo en nuestra banqueta o en la peor de las circunstancias, una caseta \u201csembrada\u201d en un \u00e1rea verde. Lo que propone el regidor Alvarado es complementar y actualizar estos acuerdos que datan del 2005 adem\u00e1s de quitar aquellas casetas que impidan el libre acceso y desplazamiento del ciudadano, en especial de los ancianos o personas con discapacidad.<\/p>\n\n\n\n<p>Pero el trabajo de los ediles encabezados por Pedro Alvarado no concluye en lo ac\u00e1 plasmado, no\u2026 tambi\u00e9n refiere, de acuerdo a la informaci\u00f3n recabada en el \u00e1rea de Ingresos del ayuntamiento local, as\u00ed como en el historial, que estas empresas no cumplieron con pago o impuesto por el uso del suelo, lo que a ojo de buen cubero, del 2005 a la fecha, estar\u00edan debiendo a las arcas municipales algo as\u00ed como 40 millones de pesos y si lo contemplamos en la actual administraci\u00f3n, es decir, de 2018 a septiembre de 2020, unos 12 millones de pesos.<\/p>\n\n\n\n<p>S\u00ed, es posible que haya gente que todav\u00eda haga uso de las casetas telef\u00f3nicas por las razones que usted quiera, pero su regularizaci\u00f3n, reubicaci\u00f3n o retiro, de acuerdo a sus circunstancias, y sobre todo, el pago por utilizar el espacio del xalape\u00f1o, es un tema al que nuestras autoridades municipales deben dar seguimiento\u2026 qui\u00e9n sabe, pero en una de \u00e9sas, hasta podr\u00eda cambiar la imagen de nuestra ciudad&#8230;&nbsp;<\/p>\n\n\n\n<p><a href=\"mailto:smcainito@gmail.com\" target=\"_blank\" rel=\"noreferrer noopener\">smcainito@gmail.com<\/a><\/p>\n","protected":false},"excerpt":{"rendered":"<p>Los Pol\u00edticos Salvador Mu\u00f1oz Recuerda cu\u00e1ndo fue la \u00faltima vez que ocup\u00f3 una caseta telef\u00f3nica. Ac\u00e1, por su casa, en dos esquinas inmediatas, hay cuatro. Cuando veo que alguien ocupa una de ellas, me parece un hecho extraordinario porque para m\u00ed, raya en la evocaci\u00f3n de un lejano \u201cte cay\u00f3 el veinte\u201d que qued\u00f3 en [&hellip;]<\/p>\n","protected":false},"author":1,"featured_media":387,"comment_status":"open","ping_status":"open","sticky":false,"template":"","format":"standard","meta":{"_jetpack_memberships_contains_paid_content":false,"footnotes":""},"categories":[11],"tags":[],"class_list":["post-8068","post","type-post","status-publish","format-standard","has-post-thumbnail","hentry","category-opinion"],"jetpack_featured_media_url":"https:\/\/encuentroinformativo.com.mx\/wp-content\/uploads\/2020\/03\/7CF8A22B-2764-47BE-8F7F-38FE9E5D6A2F.jpeg","jetpack_sharing_enabled":true,"jetpack_likes_enabled":true,"amp_enabled":true,"_links":{"self":[{"href":"https:\/\/encuentroinformativo.com.mx\/index.php?rest_route=\/wp\/v2\/posts\/8068","targetHints":{"allow":["GET"]}}],"collection":[{"href":"https:\/\/encuentroinformativo.com.mx\/index.php?rest_route=\/wp\/v2\/posts"}],"about":[{"href":"https:\/\/encuentroinformativo.com.mx\/index.php?rest_route=\/wp\/v2\/types\/post"}],"author":[{"embeddable":true,"href":"https:\/\/encuentroinformativo.com.mx\/index.php?rest_route=\/wp\/v2\/users\/1"}],"replies":[{"embeddable":true,"href":"https:\/\/encuentroinformativo.com.mx\/index.php?rest_route=%2Fwp%2Fv2%2Fcomments&post=8068"}],"version-history":[{"count":1,"href":"https:\/\/encuentroinformativo.com.mx\/index.php?rest_route=\/wp\/v2\/posts\/8068\/revisions"}],"predecessor-version":[{"id":8069,"href":"https:\/\/encuentroinformativo.com.mx\/index.php?rest_route=\/wp\/v2\/posts\/8068\/revisions\/8069"}],"wp:featuredmedia":[{"embeddable":true,"href":"https:\/\/encuentroinformativo.com.mx\/index.php?rest_route=\/wp\/v2\/media\/387"}],"wp:attachment":[{"href":"https:\/\/encuentroinformativo.com.mx\/index.php?rest_route=%2Fwp%2Fv2%2Fmedia&parent=8068"}],"wp:term":[{"taxonomy":"category","embeddable":true,"href":"https:\/\/encuentroinformativo.com.mx\/index.php?rest_route=%2Fwp%2Fv2%2Fcategories&post=8068"},{"taxonomy":"post_tag","embeddable":true,"href":"https:\/\/encuentroinformativo.com.mx\/index.php?rest_route=%2Fwp%2Fv2%2Ftags&post=8068"}],"curies":[{"name":"wp","href":"https:\/\/api.w.org\/{rel}","templated":true}]}}