{"id":8073,"date":"2020-11-16T13:28:41","date_gmt":"2020-11-16T19:28:41","guid":{"rendered":"https:\/\/encuentroinformativo.com.mx\/?p=8073"},"modified":"2020-11-16T13:28:44","modified_gmt":"2020-11-16T19:28:44","slug":"hijos-de-florisel-rios-temen-por-su-vida-realizan-marcha","status":"publish","type":"post","link":"https:\/\/encuentroinformativo.com.mx\/?p=8073","title":{"rendered":"Hijos de Florisel R\u00edos temen por su vida, realizan marcha"},"content":{"rendered":"\n<p><strong>Alejandro \u00c1vila<\/strong><\/p>\n\n\n\n<p>Jamapa, Ver.- Itzayana Hern\u00e1ndez R\u00edos, presidenta del DIF Municipal de Jamapa e hija de la ex alcaldesa Florisel R\u00edos Delf\u00edn, asesinada el pasado 11 de noviembre en la localidad de Ixcoalco, perteneciente al municipio de Medell\u00edn de Bravo, asegur\u00f3 en entrevista que teme por su vida y la de sus hermanos.<\/p>\n\n\n\n<p>Como una mujer trabajadora y honesta, que d\u00eda a d\u00eda luch\u00f3 por lograr mejoras en el municipio, es como calific\u00f3 a su madre, al tiempo que neg\u00f3 las acusaciones del gobernador Cuitl\u00e1huac Garc\u00eda Jim\u00e9nez, quien revictimizo a la ex alcaldesa, de quien dijo no acept\u00f3 el apoyo de la Secretar\u00eda de Seguridad P\u00fablica (SSP), por lo cual practicamente la acus\u00f3 de lo sucedido.<\/p>\n\n\n\n<p>&#8220;Esperamos honrar la memoria de mi madre que acaeci\u00f3 en su deber, cay\u00f3 en su deber, siempre trabaj\u00f3 por su municipio, por su gente, siempre fue una mujer muy trabajadora, honesta y de la cual estoy muy orgullosa (\u2026) no, ella no es culpable de nada, y s\u00ed, tambi\u00e9n tememos por nuestra seguridad, y esperemos que esto se solucione pronto y se haga justicia&#8221;, declar\u00f3 Iztayana Hern\u00e1ndez.<\/p>\n\n\n\n<p>Este lunes 16 de noviembre se convoc\u00f3 a una marcha pacifica, misma que sali\u00f3 pasadas las 9 de la ma\u00f1ana desde el Palacio Municipal y recorri\u00f3 varias calles de la cabecera municipal.<\/p>\n\n\n\n<p>Decenas de personas, entre trabajadores municipales, amigos y familiares, fueron los que con globos y playeras blancas, adem\u00e1s de pancartas que dec\u00edan \u00a1Alto a los Feminicidios!, \u00a1Cuitl\u00e1huac, Jamapa quiere Justicia!, \u00a1Alto a la Violencia!, caminaron durante varias calles de Jamapa, pidiendo paz en el municipio, donde en los \u00faltimos cuatro meses se han registrado varias balaceras y al menos 4 ejecuciones, incluyendo la de la ex alcaldesa.<\/p>\n","protected":false},"excerpt":{"rendered":"<p>Alejandro \u00c1vila Jamapa, Ver.- Itzayana Hern\u00e1ndez R\u00edos, presidenta del DIF Municipal de Jamapa e hija de la ex alcaldesa Florisel R\u00edos Delf\u00edn, asesinada el pasado 11 de noviembre en la localidad de Ixcoalco, perteneciente al municipio de Medell\u00edn de Bravo, asegur\u00f3 en entrevista que teme por su vida y la de sus hermanos. Como una [&hellip;]<\/p>\n","protected":false},"author":1,"featured_media":8074,"comment_status":"open","ping_status":"open","sticky":false,"template":"","format":"standard","meta":{"_jetpack_memberships_contains_paid_content":false,"footnotes":""},"categories":[2],"tags":[],"class_list":["post-8073","post","type-post","status-publish","format-standard","has-post-thumbnail","hentry","category-estado"],"jetpack_featured_media_url":"https:\/\/encuentroinformativo.com.mx\/wp-content\/uploads\/2020\/11\/C84C132B-F9A3-407B-8BFE-A7148FE48758.jpeg","jetpack_sharing_enabled":true,"jetpack_likes_enabled":true,"amp_enabled":true,"_links":{"self":[{"href":"https:\/\/encuentroinformativo.com.mx\/index.php?rest_route=\/wp\/v2\/posts\/8073","targetHints":{"allow":["GET"]}}],"collection":[{"href":"https:\/\/encuentroinformativo.com.mx\/index.php?rest_route=\/wp\/v2\/posts"}],"about":[{"href":"https:\/\/encuentroinformativo.com.mx\/index.php?rest_route=\/wp\/v2\/types\/post"}],"author":[{"embeddable":true,"href":"https:\/\/encuentroinformativo.com.mx\/index.php?rest_route=\/wp\/v2\/users\/1"}],"replies":[{"embeddable":true,"href":"https:\/\/encuentroinformativo.com.mx\/index.php?rest_route=%2Fwp%2Fv2%2Fcomments&post=8073"}],"version-history":[{"count":1,"href":"https:\/\/encuentroinformativo.com.mx\/index.php?rest_route=\/wp\/v2\/posts\/8073\/revisions"}],"predecessor-version":[{"id":8075,"href":"https:\/\/encuentroinformativo.com.mx\/index.php?rest_route=\/wp\/v2\/posts\/8073\/revisions\/8075"}],"wp:featuredmedia":[{"embeddable":true,"href":"https:\/\/encuentroinformativo.com.mx\/index.php?rest_route=\/wp\/v2\/media\/8074"}],"wp:attachment":[{"href":"https:\/\/encuentroinformativo.com.mx\/index.php?rest_route=%2Fwp%2Fv2%2Fmedia&parent=8073"}],"wp:term":[{"taxonomy":"category","embeddable":true,"href":"https:\/\/encuentroinformativo.com.mx\/index.php?rest_route=%2Fwp%2Fv2%2Fcategories&post=8073"},{"taxonomy":"post_tag","embeddable":true,"href":"https:\/\/encuentroinformativo.com.mx\/index.php?rest_route=%2Fwp%2Fv2%2Ftags&post=8073"}],"curies":[{"name":"wp","href":"https:\/\/api.w.org\/{rel}","templated":true}]}}